{"id":1477,"date":"2020-11-01T18:07:31","date_gmt":"2020-11-01T17:07:31","guid":{"rendered":"http:\/\/www.belferwpodrozy.pl\/?p=1477"},"modified":"2020-11-01T18:07:31","modified_gmt":"2020-11-01T17:07:31","slug":"albania-w-7-dni-co-warto-zobaczyc-czesc-2","status":"publish","type":"post","link":"https:\/\/www.belferwpodrozy.pl\/index.php\/2020\/11\/01\/albania-w-7-dni-co-warto-zobaczyc-czesc-2\/","title":{"rendered":"Albania w 7 dni &#8211; co warto zobaczy\u0107? &#8211; cz\u0119\u015b\u0107 2."},"content":{"rendered":"<p>Oddalona o dwie godziny lotu z Polski, posiadaj\u0105ca dwa morza, nasycona s\u0142o\u0144cem, ze wspania\u0142ymi \u015bwie\u017cymi owocami i warzywami \u2013 taka po kr\u00f3tce jest Albania. Bardzo cz\u0119sto traktowana przez nas jako doskona\u0142y, nie do ko\u0144ca skomercjalizowany, kraj idealny do relaksu.\u00a0Ale Albania kryje w sobie niesamowity potencja\u0142, bogata w zabytki, pe\u0142na intryguj\u0105cej historii, nie do ko\u0144ca przez nas odkryta. Zapraszam Was na drug\u0105 cz\u0119\u015b\u0107 podr\u00f3\u017cy wok\u00f3\u0142 Albanii, poznajcie charakterystyczne miejscowo\u015bci tego niewielkiego pa\u0144stwa.<\/p>\n<p>Jak porusza\u0107 si\u0119 po Albanii??<\/p>\n<ul>\n<li>mo\u017cesz podr\u00f3\u017cowa\u0107 transportem publicznym &#8211; licz si\u0119 z tym, \u017ce nie dotrzesz w ka\u017cde miejsce i jest on niepunktualny<\/li>\n<li>mo\u017cesz wynaj\u0105\u0107 auto- cena z pe\u0142nym ubezpieczeniem to oko\u0142o 30 Euro za dzie\u0144 i nie ma wielkiego wyboru w markach samochod\u00f3w<\/li>\n<li>mo\u017cesz zakupi\u0107 wycieczk\u0119 objazdow\u0105 w polskim biurze podr\u00f3\u017cy.<\/li>\n<\/ul>\n<p>&nbsp;<\/p>\n<p><u><b>Sylrii i Kalter<\/b><\/u><\/p>\n<div id=\"attachment_1496\" style=\"width: 778px\" class=\"wp-caption aligncenter\"><img loading=\"lazy\" decoding=\"async\" aria-describedby=\"caption-attachment-1496\" class=\"wp-image-1496 size-large\" src=\"http:\/\/www.belferwpodrozy.pl\/wp-content\/uploads\/2020\/11\/IMG_20200725_134248-768x1024.jpg\" alt=\"\" width=\"768\" height=\"1024\" srcset=\"https:\/\/www.belferwpodrozy.pl\/wp-content\/uploads\/2020\/11\/IMG_20200725_134248-768x1024.jpg 768w, https:\/\/www.belferwpodrozy.pl\/wp-content\/uploads\/2020\/11\/IMG_20200725_134248-225x300.jpg 225w, https:\/\/www.belferwpodrozy.pl\/wp-content\/uploads\/2020\/11\/IMG_20200725_134248.jpg 1536w\" sizes=\"auto, (max-width: 768px) 100vw, 768px\" \/><p id=\"caption-attachment-1496\" class=\"wp-caption-text\">Niebieskie oko smoka.<\/p><\/div>\n<p>Po\u0142o\u017cone powy\u017cej Butrinti s\u0142ynie krystalicznie czystych \u017ar\u00f3de\u0142 zwanych \u201e Niebieskim okiem\u201d. Istniej\u0105ce tu podwodne \u017ar\u00f3d\u0142o o g\u0142\u0119boko\u015bci 50 m, do takiej doszli p\u0142etwonurkowie, uwa\u017cane jest za jedno z najpi\u0119kniejszych miejsc w Albanii. Wed\u0142ug legendy powsta\u0142o z \u0142ez zabitego smoka, kt\u00f3ry porywa\u0142 dziewczyny z okolicznych wiosek. Teoretycznie w tym miejscu nie jest wskazana k\u0105piel. Temperatura wody wynosi oko\u0142o 10 stopni, a i \u017ar\u00f3d\u0142a nie s\u0105 do ko\u0144ca zbadane. Tyle w teorii, miejsce przyci\u0105ga jak magnes \u015bmia\u0142k\u00f3w, w ka\u017cdym wieku, kt\u00f3rzy skacz\u0105 ze skarpy wprost w \u201eNiebieskie oko\u201d.<\/p>\n<p><u><b>Mesopotam<\/b><\/u><\/p>\n<p><img loading=\"lazy\" decoding=\"async\" class=\"aligncenter wp-image-1495 size-large\" src=\"http:\/\/www.belferwpodrozy.pl\/wp-content\/uploads\/2020\/11\/IMG_20200725_145601-768x1024.jpg\" alt=\"\" width=\"768\" height=\"1024\" srcset=\"https:\/\/www.belferwpodrozy.pl\/wp-content\/uploads\/2020\/11\/IMG_20200725_145601-768x1024.jpg 768w, https:\/\/www.belferwpodrozy.pl\/wp-content\/uploads\/2020\/11\/IMG_20200725_145601-225x300.jpg 225w, https:\/\/www.belferwpodrozy.pl\/wp-content\/uploads\/2020\/11\/IMG_20200725_145601.jpg 1536w\" sizes=\"auto, (max-width: 768px) 100vw, 768px\" \/><\/p>\n<p>Mniej wi\u0119cej na tej samej wysoko\u015bci co wspomniane \u017ar\u00f3d\u0142a, bli\u017cej wybrze\u017ca, warto zobaczy\u0107 ma\u0142\u0105 miejscowo\u015b\u0107 Mesopotam, w kt\u00f3rej znajduje si\u0119 urokliwy, bizantyjski ko\u015bci\u00f3\u0142ek \u015bwi\u0119tego Miko\u0142aja, datowany na XIII wiek. Niestety w okresie pandemii pozostaje zamkni\u0119ty, wi\u0119c nie pozostaje nic innego jak podziwianie go z zewn\u0105trz.<\/p>\n<p><u><b>Gijokastro <\/b><\/u><\/p>\n<p>Miasto, kt\u00f3re zapisuje si\u0119 dla potomnych z co najmniej dw\u00f3ch powod\u00f3w. Po pierwsze jego star\u00f3wka wpisana jest na \u015awiatow\u0105 List\u0119 UNESCO. Miasto nazwano miastem \u201dtysi\u0105ca schod\u00f3w\u201d lub \u201ekamiennym miastem\u201d ze wzgl\u0119du na charakterystyczne pokrycia dachowe, wykonane z kamienia.<\/p>\n<div id=\"attachment_1491\" style=\"width: 1034px\" class=\"wp-caption aligncenter\"><img loading=\"lazy\" decoding=\"async\" aria-describedby=\"caption-attachment-1491\" class=\"wp-image-1491 size-large\" src=\"http:\/\/www.belferwpodrozy.pl\/wp-content\/uploads\/2020\/11\/IMG_20200726_113027-1024x768.jpg\" alt=\"\" width=\"1024\" height=\"768\" srcset=\"https:\/\/www.belferwpodrozy.pl\/wp-content\/uploads\/2020\/11\/IMG_20200726_113027-1024x768.jpg 1024w, https:\/\/www.belferwpodrozy.pl\/wp-content\/uploads\/2020\/11\/IMG_20200726_113027-300x225.jpg 300w, https:\/\/www.belferwpodrozy.pl\/wp-content\/uploads\/2020\/11\/IMG_20200726_113027-768x576.jpg 768w, https:\/\/www.belferwpodrozy.pl\/wp-content\/uploads\/2020\/11\/IMG_20200726_113027.jpg 2048w\" sizes=\"auto, (max-width: 1024px) 100vw, 1024px\" \/><p id=\"caption-attachment-1491\" class=\"wp-caption-text\">Gijokastro &#8211; kamienne miesto<\/p><\/div>\n<p>To jedno z dw\u00f3ch miast \u2013 muze\u00f3w na terenie Albanii. Po drugie, to tutaj urodzi\u0142 si\u0119 alba\u0144ski dyktator Enver Hod\u017ca. Nie znajdziemy tu \u017cadnego pomnika czy tablicy upami\u0119tniaj\u0105cej ten fakt, chyba mieszka\u0144cy nie chc\u0105 si\u0119 tym chwali\u0107. Ponad miastem wznosi si\u0119 twierdza zbudowana z rozkazu Ali Paszy. W okresie rz\u0105d\u00f3w Hod\u017cy przemianowana zosta\u0142a na wi\u0119zienie dla przeciwnik\u00f3w politycznych.<\/p>\n<p><img loading=\"lazy\" decoding=\"async\" class=\"aligncenter wp-image-1492 size-large\" src=\"http:\/\/www.belferwpodrozy.pl\/wp-content\/uploads\/2020\/11\/IMG_20200726_110006-768x1024.jpg\" alt=\"\" width=\"768\" height=\"1024\" srcset=\"https:\/\/www.belferwpodrozy.pl\/wp-content\/uploads\/2020\/11\/IMG_20200726_110006-768x1024.jpg 768w, https:\/\/www.belferwpodrozy.pl\/wp-content\/uploads\/2020\/11\/IMG_20200726_110006-225x300.jpg 225w, https:\/\/www.belferwpodrozy.pl\/wp-content\/uploads\/2020\/11\/IMG_20200726_110006.jpg 1536w\" sizes=\"auto, (max-width: 768px) 100vw, 768px\" \/><\/p>\n<p>Dzisiaj w jej murach znajduje si\u0119 muzeum z eksponatami z okresu I i II wojny \u015bwiatowej. Warto doda\u0107, \u017ce muzeum pod wzgl\u0119dem swojego wygl\u0105du, jako\u015bci eksponat\u00f3w czy sposobu prezentacji, zatrzyma\u0142o si\u0119 w II po\u0142owie XX wieku.<\/p>\n<p><u><b>Berat<\/b><\/u><\/p>\n<p>Kieruj\u0105c si\u0119 dalej na p\u00f3\u0142noc spotkamy drugie alba\u0144skie miasto \u2013 muzeum, wpisanego na list\u0119 UNESCO. To Berat -miasto \u201etysi\u0105ca okien\u201d. Nazwa nie jest jednoznaczna. Wywodzi si\u0119 z okre\u015blenia, kt\u00f3re mo\u017cemy t\u0142umaczy\u0107 dwojako, albo tysi\u0105c okien, albo jedno nad drugim.<\/p>\n<p><img loading=\"lazy\" decoding=\"async\" class=\"aligncenter wp-image-1487 size-large\" src=\"http:\/\/www.belferwpodrozy.pl\/wp-content\/uploads\/2020\/11\/IMG_20200727_222529-768x1024.jpg\" alt=\"\" width=\"768\" height=\"1024\" srcset=\"https:\/\/www.belferwpodrozy.pl\/wp-content\/uploads\/2020\/11\/IMG_20200727_222529-768x1024.jpg 768w, https:\/\/www.belferwpodrozy.pl\/wp-content\/uploads\/2020\/11\/IMG_20200727_222529-225x300.jpg 225w, https:\/\/www.belferwpodrozy.pl\/wp-content\/uploads\/2020\/11\/IMG_20200727_222529.jpg 1536w\" sizes=\"auto, (max-width: 768px) 100vw, 768px\" \/><\/p>\n<p>Bardziej prawdopodobne jest to drugie okre\u015blenie i odnosi si\u0119 do rodzaju zabudowy w Beracie, gdy budynki stawiane by\u0142y na wzg\u00f3rzu, jeden nad drugim. Nad starym miastem g\u00f3ruje Meczet Kawaler\u00f3w. Jego nazwa wywodzi si\u0119 st\u0105d, i\u017c modlili si\u0119 w nim m\u0142odzi m\u0119\u017cczy\u017ani, \u017co\u0142nierze, kt\u00f3rzy pe\u0142nili s\u0142u\u017cb\u0119 w pobliskiej twierdzy. Ta bizantyjska budowla, dzisiaj kojarzona jest z czasami dyktatora Hod\u017cy.<\/p>\n<div id=\"attachment_1489\" style=\"width: 1034px\" class=\"wp-caption alignnone\"><img loading=\"lazy\" decoding=\"async\" aria-describedby=\"caption-attachment-1489\" class=\"wp-image-1489 size-large\" src=\"http:\/\/www.belferwpodrozy.pl\/wp-content\/uploads\/2020\/11\/IMG_20200727_103455-1024x768.jpg\" alt=\"\" width=\"1024\" height=\"768\" srcset=\"https:\/\/www.belferwpodrozy.pl\/wp-content\/uploads\/2020\/11\/IMG_20200727_103455-1024x768.jpg 1024w, https:\/\/www.belferwpodrozy.pl\/wp-content\/uploads\/2020\/11\/IMG_20200727_103455-300x225.jpg 300w, https:\/\/www.belferwpodrozy.pl\/wp-content\/uploads\/2020\/11\/IMG_20200727_103455-768x576.jpg 768w, https:\/\/www.belferwpodrozy.pl\/wp-content\/uploads\/2020\/11\/IMG_20200727_103455.jpg 2048w\" sizes=\"auto, (max-width: 1024px) 100vw, 1024px\" \/><p id=\"caption-attachment-1489\" class=\"wp-caption-text\">N wzg\u00f3rzach widnieje napis NEVER<\/p><\/div>\n<p>W czasach jego rz\u0105d\u00f3w grupa aktywist\u00f3w komunistycznych u\u0142o\u017cy\u0142a kamienny napis ENVER na pobliskich wzg\u00f3rzach. Po upadku dyktatury zmieniono go na NEVER. Dzi\u015b s\u0142abo widoczny ale nadal przestrzega przed tego typu rz\u0105dami.<\/p>\n<p><u><b>Tirana <\/b><\/u><\/p>\n<p>Ostatnie miasto na mojej alba\u0144skiej trasie to stolica \u2013 Tirana. Stolica prezentuje si\u0119 dosy\u0107 skrajnie. Z jednej strony wida\u0107 nowoczesne budowle, z drugiej \u015blad czas\u00f3w komunistycznych jest nadal bardzo mocno widoczny. Nowoczesny, wybetonowany plac Skanderbega, z du\u017cym neonowym napisem ma stanowi\u0107 centrum miasta i miejsce spotka\u0144.<\/p>\n<p><img loading=\"lazy\" decoding=\"async\" class=\"aligncenter wp-image-1486 size-large\" src=\"http:\/\/www.belferwpodrozy.pl\/wp-content\/uploads\/2020\/11\/IMG_20200727_170612-768x1024.jpg\" alt=\"\" width=\"768\" height=\"1024\" srcset=\"https:\/\/www.belferwpodrozy.pl\/wp-content\/uploads\/2020\/11\/IMG_20200727_170612-768x1024.jpg 768w, https:\/\/www.belferwpodrozy.pl\/wp-content\/uploads\/2020\/11\/IMG_20200727_170612-225x300.jpg 225w, https:\/\/www.belferwpodrozy.pl\/wp-content\/uploads\/2020\/11\/IMG_20200727_170612.jpg 1536w\" sizes=\"auto, (max-width: 768px) 100vw, 768px\" \/><\/p>\n<p>Znajduj\u0105cy si\u0119 tu\u017c obok meczet Etehema Beja z XVIII wieku, uznawany za g\u0142\u00f3wny zabytek miasta jest niedost\u0119pny ze wzgl\u0119du na trwaj\u0105cy kilka lat remont. od kilku lat jest remontowany.<\/p>\n<p>Doskonale z zewn\u0105trz prezentuje si\u0119 te\u017c jeden z bunkr\u00f3w, przemianowany na muzeum i stanowi\u0105cy kolejn\u0105 atrakcj\u0119 miasta. Jednak samo wn\u0119trze zachwyca ju\u017c mniej. Utrzymane w typowym komunistycznym stylu, bez nowoczesnych instalacji, dodatkowo z zagrzybionymi pomieszczeniami doskonale oddaje klimat Albanii.<\/p>\n<div id=\"attachment_1482\" style=\"width: 778px\" class=\"wp-caption aligncenter\"><img loading=\"lazy\" decoding=\"async\" aria-describedby=\"caption-attachment-1482\" class=\"wp-image-1482 size-large\" src=\"http:\/\/www.belferwpodrozy.pl\/wp-content\/uploads\/2020\/11\/IMG_20200727_162929-768x1024.jpg\" alt=\"\" width=\"768\" height=\"1024\" srcset=\"https:\/\/www.belferwpodrozy.pl\/wp-content\/uploads\/2020\/11\/IMG_20200727_162929-768x1024.jpg 768w, https:\/\/www.belferwpodrozy.pl\/wp-content\/uploads\/2020\/11\/IMG_20200727_162929-225x300.jpg 225w, https:\/\/www.belferwpodrozy.pl\/wp-content\/uploads\/2020\/11\/IMG_20200727_162929.jpg 1536w\" sizes=\"auto, (max-width: 768px) 100vw, 768px\" \/><p id=\"caption-attachment-1482\" class=\"wp-caption-text\">Muzeum Bunkier Tirana<\/p><\/div>\n<p>Odchodz\u0105c od centrum warto skierowa\u0107 si\u0119 w stron\u0119 Narodowej Galerii Sztuki. Na jej ty\u0142ach ustawione zosta\u0142y pomniki komunistycznych przyw\u00f3dc\u00f3w Stalina, Lenina i Envera Hod\u017cy. Na t\u0119 chwil\u0119 w\u0142adze nie maj\u0105 pomys\u0142u co z nimi zrobi\u0107.<\/p>\n<div id=\"attachment_1485\" style=\"width: 778px\" class=\"wp-caption aligncenter\"><img loading=\"lazy\" decoding=\"async\" aria-describedby=\"caption-attachment-1485\" class=\"wp-image-1485 size-large\" src=\"http:\/\/www.belferwpodrozy.pl\/wp-content\/uploads\/2020\/11\/IMG_20200727_172214-768x1024.jpg\" alt=\"\" width=\"768\" height=\"1024\" srcset=\"https:\/\/www.belferwpodrozy.pl\/wp-content\/uploads\/2020\/11\/IMG_20200727_172214-768x1024.jpg 768w, https:\/\/www.belferwpodrozy.pl\/wp-content\/uploads\/2020\/11\/IMG_20200727_172214-225x300.jpg 225w, https:\/\/www.belferwpodrozy.pl\/wp-content\/uploads\/2020\/11\/IMG_20200727_172214.jpg 1536w\" sizes=\"auto, (max-width: 768px) 100vw, 768px\" \/><p id=\"caption-attachment-1485\" class=\"wp-caption-text\">Pomniki komunistycznych przyw\u00f3dc\u00f3w na ty\u0142ach muzeum<\/p><\/div>\n<p>Po przeciwnej stronie odnajdziemy dwa symbole epoki komunistycznej, o ca\u0142kiem innej wymowie. To fragment muru berli\u0144skiego, podarowanego Albanii z okazji jej stulecia ( w 2012 ) oraz najmniejszy, jednoosobowy bunkier oraz legary i belki z jednego oboz\u00f3w pracy w Albanii. Ca\u0142o\u015b\u0107 ma przypomina\u0107 czasy z jakimi przysz\u0142o zmierzy\u0107 si\u0119 Albanii.<\/p>\n<p><img loading=\"lazy\" decoding=\"async\" class=\"aligncenter wp-image-1497 size-large\" src=\"http:\/\/www.belferwpodrozy.pl\/wp-content\/uploads\/2020\/11\/IMG_20200727_175014-768x1024.jpg\" alt=\"\" width=\"768\" height=\"1024\" srcset=\"https:\/\/www.belferwpodrozy.pl\/wp-content\/uploads\/2020\/11\/IMG_20200727_175014-768x1024.jpg 768w, https:\/\/www.belferwpodrozy.pl\/wp-content\/uploads\/2020\/11\/IMG_20200727_175014-225x300.jpg 225w, https:\/\/www.belferwpodrozy.pl\/wp-content\/uploads\/2020\/11\/IMG_20200727_175014.jpg 1536w\" sizes=\"auto, (max-width: 768px) 100vw, 768px\" \/><\/p>\n<p>Jednak najwi\u0119ksze wra\u017cenie wywar\u0142a na mnie piramida. W 1985 umiera Enver Hod\u017ca i aby upami\u0119tnia\u0107 swojego ojca, jego c\u00f3rka, kt\u00f3ra by\u0142a jednocze\u015bnie projektantem zamku w Kruji, postanowi\u0142a wybudowa\u0107 dla ojca mauzoleum w kszta\u0142cie piramidy. Docelowo mia\u0142o to wygl\u0105da\u0107 w ten spos\u00f3b, \u017ce jak si\u0119 patrzy\u0142o z g\u00f3ry, to budynek mia\u0142 przypomina\u0107 or\u0142a. Niestety budynek stoi zapuszczony do dnia dzisiejszego, nigdy nie by\u0142 wykorzystany jako mauzoleum, nigdy te\u017c Enver tu nie spocz\u0105\u0142.<\/p>\n<div id=\"attachment_1484\" style=\"width: 778px\" class=\"wp-caption aligncenter\"><img loading=\"lazy\" decoding=\"async\" aria-describedby=\"caption-attachment-1484\" class=\"wp-image-1484 size-large\" src=\"http:\/\/www.belferwpodrozy.pl\/wp-content\/uploads\/2020\/11\/IMG_20200727_173430-768x1024.jpg\" alt=\"\" width=\"768\" height=\"1024\" srcset=\"https:\/\/www.belferwpodrozy.pl\/wp-content\/uploads\/2020\/11\/IMG_20200727_173430-768x1024.jpg 768w, https:\/\/www.belferwpodrozy.pl\/wp-content\/uploads\/2020\/11\/IMG_20200727_173430-225x300.jpg 225w, https:\/\/www.belferwpodrozy.pl\/wp-content\/uploads\/2020\/11\/IMG_20200727_173430.jpg 1536w\" sizes=\"auto, (max-width: 768px) 100vw, 768px\" \/><p id=\"caption-attachment-1484\" class=\"wp-caption-text\">Niedosz\u0142e mauzoleum Envera Hod\u017cy w Tiranie<\/p><\/div>\n<p>Podsumowuj\u0105c Albania nadal pozostaje pod pewnymi wzgl\u0119dami dzika, nieznana. Nadal g\u00f3ruje my\u015bl, \u017ce nie ma czego zwiedza\u0107, tu tylko mo\u017cna wypocz\u0105\u0107. Przedstawi\u0142am Wam cz\u0119\u015b\u0107 historii miast, miejsc, kt\u00f3re warto odwiedzi\u0107 w tym pa\u0144stwie.<\/p>\n","protected":false},"excerpt":{"rendered":"<p>Oddalona o dwie godziny lotu z Polski, posiadaj\u0105ca dwa morza, nasycona s\u0142o\u0144cem, ze wspania\u0142ymi \u015bwie\u017cymi owocami i warzywami \u2013 taka po kr\u00f3tce jest Albania. Bardzo cz\u0119sto traktowana przez nas jako doskona\u0142y, nie do ko\u0144ca skomercjalizowany, kraj idealny do relaksu.\u00a0Ale Albania kryje w sobie niesamowity potencja\u0142, bogata w zabytki, pe\u0142na intryguj\u0105cej historii, nie do ko\u0144ca przez [&hellip;]<\/p>\n","protected":false},"author":2,"featured_media":1493,"comment_status":"open","ping_status":"open","sticky":false,"template":"","format":"standard","meta":{"footnotes":""},"categories":[55,8,3],"tags":[],"class_list":["post-1477","post","type-post","status-publish","format-standard","has-post-thumbnail","category-albania","category-ciekawe-miejsca","category-europa","czr-hentry"],"_links":{"self":[{"href":"https:\/\/www.belferwpodrozy.pl\/index.php\/wp-json\/wp\/v2\/posts\/1477","targetHints":{"allow":["GET"]}}],"collection":[{"href":"https:\/\/www.belferwpodrozy.pl\/index.php\/wp-json\/wp\/v2\/posts"}],"about":[{"href":"https:\/\/www.belferwpodrozy.pl\/index.php\/wp-json\/wp\/v2\/types\/post"}],"author":[{"embeddable":true,"href":"https:\/\/www.belferwpodrozy.pl\/index.php\/wp-json\/wp\/v2\/users\/2"}],"replies":[{"embeddable":true,"href":"https:\/\/www.belferwpodrozy.pl\/index.php\/wp-json\/wp\/v2\/comments?post=1477"}],"version-history":[{"count":2,"href":"https:\/\/www.belferwpodrozy.pl\/index.php\/wp-json\/wp\/v2\/posts\/1477\/revisions"}],"predecessor-version":[{"id":1498,"href":"https:\/\/www.belferwpodrozy.pl\/index.php\/wp-json\/wp\/v2\/posts\/1477\/revisions\/1498"}],"wp:featuredmedia":[{"embeddable":true,"href":"https:\/\/www.belferwpodrozy.pl\/index.php\/wp-json\/wp\/v2\/media\/1493"}],"wp:attachment":[{"href":"https:\/\/www.belferwpodrozy.pl\/index.php\/wp-json\/wp\/v2\/media?parent=1477"}],"wp:term":[{"taxonomy":"category","embeddable":true,"href":"https:\/\/www.belferwpodrozy.pl\/index.php\/wp-json\/wp\/v2\/categories?post=1477"},{"taxonomy":"post_tag","embeddable":true,"href":"https:\/\/www.belferwpodrozy.pl\/index.php\/wp-json\/wp\/v2\/tags?post=1477"}],"curies":[{"name":"wp","href":"https:\/\/api.w.org\/{rel}","templated":true}]}}