{"id":1617,"date":"2021-02-04T18:49:22","date_gmt":"2021-02-04T17:49:22","guid":{"rendered":"http:\/\/www.belferwpodrozy.pl\/?p=1617"},"modified":"2021-02-04T18:49:22","modified_gmt":"2021-02-04T17:49:22","slug":"kolorowe-lodki-w-marsaxlokk","status":"publish","type":"post","link":"https:\/\/www.belferwpodrozy.pl\/index.php\/2021\/02\/04\/kolorowe-lodki-w-marsaxlokk\/","title":{"rendered":"Kolorowe \u0142\u00f3dki w Marsaxlokk."},"content":{"rendered":"<p>Do pe\u0142nej kolorowych \u0142odzi zatoki w Marsaxlokk musi przyjecha\u0107 ka\u017cdy. Pomalowane w \u017c\u00f3\u0142to-zielono-czerwono-niebieskie pasy sta\u0142y si\u0119 symbolem archipelagu i najpopularniejszym motywem fotograficznym Malty.<\/p>\n<p><img loading=\"lazy\" decoding=\"async\" class=\"aligncenter wp-image-1660 size-large\" src=\"http:\/\/www.belferwpodrozy.pl\/wp-content\/uploads\/2021\/02\/IMG_20210110_173140-768x1024.jpg\" alt=\"\" width=\"768\" height=\"1024\" srcset=\"https:\/\/www.belferwpodrozy.pl\/wp-content\/uploads\/2021\/02\/IMG_20210110_173140-768x1024.jpg 768w, https:\/\/www.belferwpodrozy.pl\/wp-content\/uploads\/2021\/02\/IMG_20210110_173140-225x300.jpg 225w, https:\/\/www.belferwpodrozy.pl\/wp-content\/uploads\/2021\/02\/IMG_20210110_173140.jpg 1536w\" sizes=\"auto, (max-width: 768px) 100vw, 768px\" \/><\/p>\n<p>&nbsp;<\/p>\n<p><strong>Jak dosta\u0107 si\u0119 do Marsaxlokk?<\/strong><\/p>\n<p>Bez wzgl\u0119du na to gdzie mieszkasz na Malcie bez problemu dostaniesz si\u0119 tutaj z Valetty. A do Valetty dostaniesz si\u0119 z ka\u017cdego miejsca. Ot taka zale\u017cno\u015b\u0107.<\/p>\n<p>Na Malcie bardzo dobrze rozwini\u0119ta jest komunikacja miejska i warto z niej korzysta\u0107. Oto gar\u015b\u0107 porad jak u\u0142atwi\u0107 sobie przemieszczanie po wyspie.<\/p>\n<ol>\n<li>Jednorazowy bilet autobusowy to wydatek rz\u0119du 2.50 euro. Nie ma znaczenia jak\u0105 odleg\u0142o\u015b\u0107 na nim pokonamy. Czy b\u0119dzie to jeden czy siedem przystank\u00f3w. Je\u015bli planujemy zwiedzi\u0107 wysp\u0119, warto zaopatrzy\u0107 si\u0119 w Expolore Card, dost\u0119pn\u0105 w wi\u0119kszo\u015bci sklepik\u00f3w. Jest wa\u017cna przez 7 dni, nie ma limit\u00f3w przejazd\u00f3w, cena 21 euro.<img loading=\"lazy\" decoding=\"async\" class=\"aligncenter wp-image-1654 size-large\" src=\"http:\/\/www.belferwpodrozy.pl\/wp-content\/uploads\/2021\/02\/145382161_240407370883582_5731638720498051155_n-766x1024.jpg\" alt=\"\" width=\"766\" height=\"1024\" srcset=\"https:\/\/www.belferwpodrozy.pl\/wp-content\/uploads\/2021\/02\/145382161_240407370883582_5731638720498051155_n-766x1024.jpg 766w, https:\/\/www.belferwpodrozy.pl\/wp-content\/uploads\/2021\/02\/145382161_240407370883582_5731638720498051155_n-224x300.jpg 224w, https:\/\/www.belferwpodrozy.pl\/wp-content\/uploads\/2021\/02\/145382161_240407370883582_5731638720498051155_n-768x1027.jpg 768w, https:\/\/www.belferwpodrozy.pl\/wp-content\/uploads\/2021\/02\/145382161_240407370883582_5731638720498051155_n.jpg 1532w\" sizes=\"auto, (max-width: 766px) 100vw, 766px\" \/><\/li>\n<li>2.Po wej\u015bciu do autokaru za ka\u017cdym razem nale\u017cy wczyta\u0107 kart\u0119. Aktywujemy j\u0105 w taki sam spos\u00f3b. Nie &#8222;skasowanie&#8221; karty grozi mandatem w wysoko\u015bci 50 euro.<img loading=\"lazy\" decoding=\"async\" class=\"aligncenter wp-image-1663 size-large\" src=\"http:\/\/www.belferwpodrozy.pl\/wp-content\/uploads\/2021\/02\/IMG_20210110_093507-768x1024.jpg\" alt=\"\" width=\"768\" height=\"1024\" srcset=\"https:\/\/www.belferwpodrozy.pl\/wp-content\/uploads\/2021\/02\/IMG_20210110_093507-768x1024.jpg 768w, https:\/\/www.belferwpodrozy.pl\/wp-content\/uploads\/2021\/02\/IMG_20210110_093507-225x300.jpg 225w, https:\/\/www.belferwpodrozy.pl\/wp-content\/uploads\/2021\/02\/IMG_20210110_093507.jpg 1536w\" sizes=\"auto, (max-width: 768px) 100vw, 768px\" \/><\/li>\n<li>3.Sprawne poruszanie po Malcie na pewno u\u0142atwi poni\u017csza aplikacja. Mo\u017cna te\u017c korzysta\u0107 z Google Maps, gdzie linie autobusowe s\u0105 na bie\u017c\u0105co aktualizowane.<img loading=\"lazy\" decoding=\"async\" class=\"aligncenter wp-image-1664 size-large\" src=\"http:\/\/www.belferwpodrozy.pl\/wp-content\/uploads\/2021\/02\/IMG_20210110_125353-525x1024.jpg\" alt=\"\" width=\"525\" height=\"1024\" srcset=\"https:\/\/www.belferwpodrozy.pl\/wp-content\/uploads\/2021\/02\/IMG_20210110_125353-525x1024.jpg 525w, https:\/\/www.belferwpodrozy.pl\/wp-content\/uploads\/2021\/02\/IMG_20210110_125353-154x300.jpg 154w, https:\/\/www.belferwpodrozy.pl\/wp-content\/uploads\/2021\/02\/IMG_20210110_125353-768x1498.jpg 768w, https:\/\/www.belferwpodrozy.pl\/wp-content\/uploads\/2021\/02\/IMG_20210110_125353.jpg 1050w\" sizes=\"auto, (max-width: 525px) 100vw, 525px\" \/><\/li>\n<\/ol>\n<p><strong>\u0141odzie w Marsaxlokk<\/strong><\/p>\n<p>Barwnie malowane malta\u0144skie \u0142odzie najliczniej gromadz\u0105 si\u0119 w\u0142a\u015bnie w tej ma\u0142ej rybackiej wiosce. Te mniejsze, wios\u0142owe to dghajsa ( dajssa), a wi\u0119ksze to luzzu.<\/p>\n<p><img loading=\"lazy\" decoding=\"async\" class=\"aligncenter wp-image-1661 size-large\" src=\"http:\/\/www.belferwpodrozy.pl\/wp-content\/uploads\/2021\/02\/IMG_20210110_160438-768x1024.jpg\" alt=\"\" width=\"768\" height=\"1024\" srcset=\"https:\/\/www.belferwpodrozy.pl\/wp-content\/uploads\/2021\/02\/IMG_20210110_160438-768x1024.jpg 768w, https:\/\/www.belferwpodrozy.pl\/wp-content\/uploads\/2021\/02\/IMG_20210110_160438-225x300.jpg 225w, https:\/\/www.belferwpodrozy.pl\/wp-content\/uploads\/2021\/02\/IMG_20210110_160438.jpg 1536w\" sizes=\"auto, (max-width: 768px) 100vw, 768px\" \/><\/p>\n<p>Na dziobie \u0142odzi, zgodnie ze starym, poga\u0144skim zwyczajem, maluje si\u0119 oko Horusa, kt\u00f3ry ma strzec rybak\u00f3w przed niebezpiecze\u0144stwem na morzu. Pocz\u0105tkowo \u0142odzie wyposa\u017cone by\u0142y w \u017cagle, z czasem rybacy zast\u0105pili je dwoma silnikami diesla. Nie zmieni\u0142a si\u0119 natomiast brzuchata konstrukcja kad\u0142uba, dzi\u0119ki kt\u00f3rym \u0142odzie wytrzymuj\u0105 nawet na wzburzonym morzu.<\/p>\n<p><strong>Wioska Marsaxlokk &#8211; inne atrakcje.<\/strong><\/p>\n<p>Do tej rybackiej osady warto przyby\u0107 nie tylko dla \u0142odzi. Dwa kolejne powody r\u00f3wnie\u017c warte s\u0105 waszej uwagi.<\/p>\n<p><img loading=\"lazy\" decoding=\"async\" class=\"aligncenter wp-image-1659 size-large\" src=\"http:\/\/www.belferwpodrozy.pl\/wp-content\/uploads\/2021\/02\/IMG_20210110_113247-768x1024.jpg\" alt=\"\" width=\"768\" height=\"1024\" srcset=\"https:\/\/www.belferwpodrozy.pl\/wp-content\/uploads\/2021\/02\/IMG_20210110_113247-768x1024.jpg 768w, https:\/\/www.belferwpodrozy.pl\/wp-content\/uploads\/2021\/02\/IMG_20210110_113247-225x300.jpg 225w, https:\/\/www.belferwpodrozy.pl\/wp-content\/uploads\/2021\/02\/IMG_20210110_113247.jpg 1536w\" sizes=\"auto, (max-width: 768px) 100vw, 768px\" \/><\/p>\n<p>Pierwszy to niedzielny targ, roz\u0142o\u017cony wzd\u0142u\u017c wybrze\u017ca, serwuj\u0105cy turystom jak i lokalnym mieszka\u0144com wszystko czego potrzebuj\u0105. Od odzie\u017cy, zabawek, bi\u017cuterii,\u00a0artyku\u0142\u00f3w gospodarstwa domowego, po genialne regionalne produkty. To tutaj zaopatrzycie si\u0119 w przepyszne s\u0142odko\u015bci, takie jak malta\u0144skie cannoli, malta\u0144ski ser, oliwki, owoce czy warzywa. A ju\u017c istn\u0105 furor\u0119 robi cze\u015b\u0107 targowa gdzie mo\u017cemy naby\u0107 \u015bwie\u017ce ryby i owoce morza.<\/p>\n<div style=\"width: 720px;\" class=\"wp-video\"><video class=\"wp-video-shortcode\" id=\"video-1617-1\" width=\"720\" height=\"1280\" preload=\"metadata\" controls=\"controls\"><source type=\"video\/mp4\" src=\"http:\/\/www.belferwpodrozy.pl\/wp-content\/uploads\/2021\/02\/VID_20210110_1145480.mp4?_=1\" \/><a href=\"http:\/\/www.belferwpodrozy.pl\/wp-content\/uploads\/2021\/02\/VID_20210110_1145480.mp4\">http:\/\/www.belferwpodrozy.pl\/wp-content\/uploads\/2021\/02\/VID_20210110_1145480.mp4<\/a><\/video><\/div>\n<p>&nbsp;<\/p>\n<p>Najwi\u0119kszy ruch na targowisku i najwi\u0119kszy wyb\u00f3r trwa zazwyczaj do godziny 12.00. Wtedy te\u017c musimy liczy\u0107 si\u0119 ze sporym ruchem wzd\u0142u\u017c promenady. Je\u015bli przyjedziecie tu autem to o zaparkowaniu w tym miejscu mo\u017cecie wtedy zapomnie\u0107.<\/p>\n<div style=\"width: 720px;\" class=\"wp-video\"><video class=\"wp-video-shortcode\" id=\"video-1617-2\" width=\"720\" height=\"1280\" preload=\"metadata\" controls=\"controls\"><source type=\"video\/mp4\" src=\"http:\/\/www.belferwpodrozy.pl\/wp-content\/uploads\/2021\/02\/VID_20210110_114219.mp4?_=2\" \/><a href=\"http:\/\/www.belferwpodrozy.pl\/wp-content\/uploads\/2021\/02\/VID_20210110_114219.mp4\">http:\/\/www.belferwpodrozy.pl\/wp-content\/uploads\/2021\/02\/VID_20210110_114219.mp4<\/a><\/video><\/div>\n<p>Drugim powodem jest sama miejscowo\u015b\u0107. Warto przej\u015b\u0107 si\u0119 w\u0105skimi uliczkami Marsaxlokk, spojrze\u0107 na g\u00f3ruj\u0105cy nad domami ko\u015bci\u00f3\u0142 parafialny, przysi\u0105\u015b\u0107 przy kawiarnianym stoliku, napi\u0107 si\u0119 kawy lub skosztowa\u0107 \u015bwie\u017cej ryby. Poza okresem targowym \u017cycie w wiosce p\u0142ynie leniwym, spokojnym rytmem. Miejsce w sam raz na chillout!<\/p>\n<p><img loading=\"lazy\" decoding=\"async\" class=\"aligncenter wp-image-1665 size-large\" src=\"http:\/\/www.belferwpodrozy.pl\/wp-content\/uploads\/2021\/02\/144872499_2505192069790451_8410256778584186449_n-576x1024.jpg\" alt=\"\" width=\"576\" height=\"1024\" srcset=\"https:\/\/www.belferwpodrozy.pl\/wp-content\/uploads\/2021\/02\/144872499_2505192069790451_8410256778584186449_n-576x1024.jpg 576w, https:\/\/www.belferwpodrozy.pl\/wp-content\/uploads\/2021\/02\/144872499_2505192069790451_8410256778584186449_n-169x300.jpg 169w, https:\/\/www.belferwpodrozy.pl\/wp-content\/uploads\/2021\/02\/144872499_2505192069790451_8410256778584186449_n-768x1365.jpg 768w, https:\/\/www.belferwpodrozy.pl\/wp-content\/uploads\/2021\/02\/144872499_2505192069790451_8410256778584186449_n.jpg 810w\" sizes=\"auto, (max-width: 576px) 100vw, 576px\" \/><\/p>\n<p>&nbsp;<\/p>\n","protected":false},"excerpt":{"rendered":"<p>Do pe\u0142nej kolorowych \u0142odzi zatoki w Marsaxlokk musi przyjecha\u0107 ka\u017cdy. Pomalowane w \u017c\u00f3\u0142to-zielono-czerwono-niebieskie pasy sta\u0142y si\u0119 symbolem archipelagu i najpopularniejszym motywem fotograficznym Malty. &nbsp; Jak dosta\u0107 si\u0119 do Marsaxlokk? Bez wzgl\u0119du na to gdzie mieszkasz na Malcie bez problemu dostaniesz si\u0119 tutaj z Valetty. A do Valetty dostaniesz si\u0119 z ka\u017cdego miejsca. Ot taka zale\u017cno\u015b\u0107. [&hellip;]<\/p>\n","protected":false},"author":2,"featured_media":1661,"comment_status":"open","ping_status":"open","sticky":false,"template":"","format":"standard","meta":{"footnotes":""},"categories":[8,11,3,57,15],"tags":[],"class_list":["post-1617","post","type-post","status-publish","format-standard","has-post-thumbnail","category-ciekawe-miejsca","category-cos-na-zab-kulinaria","category-europa","category-malta","category-zycie-codzienne","czr-hentry"],"_links":{"self":[{"href":"https:\/\/www.belferwpodrozy.pl\/index.php\/wp-json\/wp\/v2\/posts\/1617","targetHints":{"allow":["GET"]}}],"collection":[{"href":"https:\/\/www.belferwpodrozy.pl\/index.php\/wp-json\/wp\/v2\/posts"}],"about":[{"href":"https:\/\/www.belferwpodrozy.pl\/index.php\/wp-json\/wp\/v2\/types\/post"}],"author":[{"embeddable":true,"href":"https:\/\/www.belferwpodrozy.pl\/index.php\/wp-json\/wp\/v2\/users\/2"}],"replies":[{"embeddable":true,"href":"https:\/\/www.belferwpodrozy.pl\/index.php\/wp-json\/wp\/v2\/comments?post=1617"}],"version-history":[{"count":2,"href":"https:\/\/www.belferwpodrozy.pl\/index.php\/wp-json\/wp\/v2\/posts\/1617\/revisions"}],"predecessor-version":[{"id":1666,"href":"https:\/\/www.belferwpodrozy.pl\/index.php\/wp-json\/wp\/v2\/posts\/1617\/revisions\/1666"}],"wp:featuredmedia":[{"embeddable":true,"href":"https:\/\/www.belferwpodrozy.pl\/index.php\/wp-json\/wp\/v2\/media\/1661"}],"wp:attachment":[{"href":"https:\/\/www.belferwpodrozy.pl\/index.php\/wp-json\/wp\/v2\/media?parent=1617"}],"wp:term":[{"taxonomy":"category","embeddable":true,"href":"https:\/\/www.belferwpodrozy.pl\/index.php\/wp-json\/wp\/v2\/categories?post=1617"},{"taxonomy":"post_tag","embeddable":true,"href":"https:\/\/www.belferwpodrozy.pl\/index.php\/wp-json\/wp\/v2\/tags?post=1617"}],"curies":[{"name":"wp","href":"https:\/\/api.w.org\/{rel}","templated":true}]}}