{"id":1806,"date":"2021-11-14T11:12:00","date_gmt":"2021-11-14T10:12:00","guid":{"rendered":"http:\/\/www.belferwpodrozy.pl\/?p=1806"},"modified":"2021-11-14T11:12:00","modified_gmt":"2021-11-14T10:12:00","slug":"palac-velke-losiny-i-czarownice","status":"publish","type":"post","link":"https:\/\/www.belferwpodrozy.pl\/index.php\/2021\/11\/14\/palac-velke-losiny-i-czarownice\/","title":{"rendered":"Pa\u0142ac Velk\u00e9 Losiny i czarownice."},"content":{"rendered":"<div id=\"ez-toc-container\" class=\"ez-toc-v2_0_86 counter-hierarchy ez-toc-counter ez-toc-grey ez-toc-container-direction\">\n<p class=\"ez-toc-title\" style=\"cursor:inherit\">Spis tre\u015bci<\/p>\n<label for=\"ez-toc-cssicon-toggle-item-6a9503ef1be65\" class=\"ez-toc-cssicon-toggle-label\"><span class=\"\"><span class=\"eztoc-hide\" style=\"display:none;\">Toggle<\/span><span class=\"ez-toc-icon-toggle-span\"><svg style=\"fill: #999;color:#999\" xmlns=\"http:\/\/www.w3.org\/2000\/svg\" class=\"list-377408\" width=\"20px\" height=\"20px\" viewBox=\"0 0 24 24\" fill=\"none\"><path d=\"M6 6H4v2h2V6zm14 0H8v2h12V6zM4 11h2v2H4v-2zm16 0H8v2h12v-2zM4 16h2v2H4v-2zm16 0H8v2h12v-2z\" fill=\"currentColor\"><\/path><\/svg><svg style=\"fill: #999;color:#999\" class=\"arrow-unsorted-368013\" xmlns=\"http:\/\/www.w3.org\/2000\/svg\" width=\"10px\" height=\"10px\" viewBox=\"0 0 24 24\" version=\"1.2\" baseProfile=\"tiny\"><path d=\"M18.2 9.3l-6.2-6.3-6.2 6.3c-.2.2-.3.4-.3.7s.1.5.3.7c.2.2.4.3.7.3h11c.3 0 .5-.1.7-.3.2-.2.3-.5.3-.7s-.1-.5-.3-.7zM5.8 14.7l6.2 6.3 6.2-6.3c.2-.2.3-.5.3-.7s-.1-.5-.3-.7c-.2-.2-.4-.3-.7-.3h-11c-.3 0-.5.1-.7.3-.2.2-.3.5-.3.7s.1.5.3.7z\"\/><\/svg><\/span><\/span><\/label><input type=\"checkbox\"  id=\"ez-toc-cssicon-toggle-item-6a9503ef1be65\"  aria-label=\"Prze\u0142\u0105cznik\" \/><nav><ul class='ez-toc-list ez-toc-list-level-1 ' ><li class='ez-toc-page-1 ez-toc-heading-level-4'><a class=\"ez-toc-link ez-toc-heading-1\" href=\"https:\/\/www.belferwpodrozy.pl\/index.php\/2021\/11\/14\/palac-velke-losiny-i-czarownice\/#Historia_palacu\" >Historia pa\u0142acu<\/a><\/li><li class='ez-toc-page-1 ez-toc-heading-level-4'><a class=\"ez-toc-link ez-toc-heading-2\" href=\"https:\/\/www.belferwpodrozy.pl\/index.php\/2021\/11\/14\/palac-velke-losiny-i-czarownice\/#Procesy_czarownic\" >Procesy czarownic<\/a><\/li><li class='ez-toc-page-1 ez-toc-heading-level-4'><a class=\"ez-toc-link ez-toc-heading-3\" href=\"https:\/\/www.belferwpodrozy.pl\/index.php\/2021\/11\/14\/palac-velke-losiny-i-czarownice\/#Zwiedzanie\" >Zwiedzanie<\/a><\/li><li class='ez-toc-page-1 ez-toc-heading-level-4'><a class=\"ez-toc-link ez-toc-heading-4\" href=\"https:\/\/www.belferwpodrozy.pl\/index.php\/2021\/11\/14\/palac-velke-losiny-i-czarownice\/#Galeria\" >Galeria<\/a><\/li><li class='ez-toc-page-1 ez-toc-heading-level-4'><a class=\"ez-toc-link ez-toc-heading-5\" href=\"https:\/\/www.belferwpodrozy.pl\/index.php\/2021\/11\/14\/palac-velke-losiny-i-czarownice\/#Sala_Rycerska\" >Sala Rycerska<\/a><\/li><li class='ez-toc-page-1 ez-toc-heading-level-4'><a class=\"ez-toc-link ez-toc-heading-6\" href=\"https:\/\/www.belferwpodrozy.pl\/index.php\/2021\/11\/14\/palac-velke-losiny-i-czarownice\/#Jadalnia\" >Jadalnia<\/a><\/li><li class='ez-toc-page-1 ez-toc-heading-level-4'><a class=\"ez-toc-link ez-toc-heading-7\" href=\"https:\/\/www.belferwpodrozy.pl\/index.php\/2021\/11\/14\/palac-velke-losiny-i-czarownice\/#Kaplica\" >Kaplica<\/a><\/li><\/ul><\/nav><\/div>\n<p><span style=\"font-family: 'Liberation Serif', serif;\">Velk<\/span><span style=\"font-family: 'Liberation Serif', serif;\">\u00e9<\/span><span style=\"font-family: 'Liberation Serif', serif;\"> Losiny to niewielka ale jedna z najstarszych wsi w powiecie o\u0142omunieckim. Znajduje si\u0119 w niej niezwyk\u0142ej urody pa\u0142ac, chocia\u017c pa\u0142ac\u00f3w i zamk\u00f3w na terenie Czech jest niezliczona ilo\u015b\u0107. <\/span><span style=\"font-family: 'Liberation Serif', serif;\">Jest jednak co\u015b, co przyci\u0105ga turyst\u00f3w w\u0142a\u015bnie w to miejsce. To pewna mroczna historia, kt\u00f3ra rozpocz\u0119\u0142a si\u0119 w XVII wieku i\u00a0<\/span><span style=\"font-family: 'Liberation Serif', serif;\">trwa\u0142a ponad 20 lat. A wszystko to za spraw\u0105 pewniej kobiety\u2026<\/span><\/p>\n<div id=\"attachment_1826\" style=\"width: 1034px\" class=\"wp-caption aligncenter\"><img loading=\"lazy\" decoding=\"async\" aria-describedby=\"caption-attachment-1826\" class=\"wp-image-1826 size-large\" src=\"http:\/\/www.belferwpodrozy.pl\/wp-content\/uploads\/2021\/11\/IMG_20211031_100022-1024x576.jpg\" alt=\"\" width=\"1024\" height=\"576\" srcset=\"https:\/\/www.belferwpodrozy.pl\/wp-content\/uploads\/2021\/11\/IMG_20211031_100022-1024x576.jpg 1024w, https:\/\/www.belferwpodrozy.pl\/wp-content\/uploads\/2021\/11\/IMG_20211031_100022-300x169.jpg 300w, https:\/\/www.belferwpodrozy.pl\/wp-content\/uploads\/2021\/11\/IMG_20211031_100022-768x432.jpg 768w, https:\/\/www.belferwpodrozy.pl\/wp-content\/uploads\/2021\/11\/IMG_20211031_100022.jpg 2048w\" sizes=\"auto, (max-width: 1024px) 100vw, 1024px\" \/><p id=\"caption-attachment-1826\" class=\"wp-caption-text\">Pa\u0142ac Velke Losiny<\/p><\/div>\n<h4><span class=\"ez-toc-section\" id=\"Historia_palacu\"><\/span><span style=\"font-family: 'Liberation Serif', serif;\">Historia pa\u0142acu<\/span><span class=\"ez-toc-section-end\"><\/span><\/h4>\n<p><span style=\"font-family: 'Liberation Serif', serif;\">Na pocz\u0105tku XVI wieku teren Velkich Losin trafi\u0142 w r\u0119ce rodu von <\/span><span style=\"font-family: 'Liberation Serif', serif;\">\u017d<\/span><span style=\"font-family: 'Liberation Serif', serif;\">erotin. Podczas p\u00f3\u017aniejszego podzia\u0142u maj\u0105tku trafia w r\u0119ce Jana M\u0142odszego z <\/span><span style=\"font-family: 'Liberation Serif', serif;\">\u017d<\/span><span style=\"font-family: 'Liberation Serif', serif;\">erotina, kt\u00f3ry rozpoczyna budow\u0119 <\/span><span style=\"font-family: 'Liberation Serif', serif;\">tr\u00f3jskrzyd\u0142owego<\/span><span style=\"font-family: 'Liberation Serif', serif;\"> pa\u0142acu z arkadami,<\/span><span style=\"font-family: 'Liberation Serif', serif;\">\u00a0zamykaj\u0105c go skrzyd\u0142em z pomieszczeniami gospodarczymi. Dobrze funkcjonuj\u0105ca posiad\u0142o\u015b\u0107 przez kolejne lata przechodzi z ojca na syna. W mi\u0119dzyczasie przez Europ\u0119 przetacza si\u0119 wojna 30 letnia, w kt\u00f3rej to obiekt praktycznie nie ucierpia\u0142.<\/span><\/p>\n<p><img loading=\"lazy\" decoding=\"async\" class=\"aligncenter wp-image-1825 size-large\" src=\"http:\/\/www.belferwpodrozy.pl\/wp-content\/uploads\/2021\/11\/IMG_20211031_100231-1024x576.jpg\" alt=\"\" width=\"1024\" height=\"576\" srcset=\"https:\/\/www.belferwpodrozy.pl\/wp-content\/uploads\/2021\/11\/IMG_20211031_100231-1024x576.jpg 1024w, https:\/\/www.belferwpodrozy.pl\/wp-content\/uploads\/2021\/11\/IMG_20211031_100231-300x169.jpg 300w, https:\/\/www.belferwpodrozy.pl\/wp-content\/uploads\/2021\/11\/IMG_20211031_100231-768x432.jpg 768w, https:\/\/www.belferwpodrozy.pl\/wp-content\/uploads\/2021\/11\/IMG_20211031_100231.jpg 2048w\" sizes=\"auto, (max-width: 1024px) 100vw, 1024px\" \/><\/p>\n<p><span style=\"font-family: 'Liberation Serif', serif;\">Sytuacja zaczyna si\u0119 komplikowa\u0107 si\u0119 w 1673 roku, kiedy to maj\u0105tek,wraz z pa\u0142acem, przejmuje Angelika <\/span><span style=\"font-family: 'Liberation Serif', serif;\">Sibyla Gallowa, siostra jednego z w\u0142a\u015bcicieli, kt\u00f3ra po jego \u015bmierci sprawuje opiek\u0119 nad ma\u0142oletnimi dziedzicami Losin. <\/span><\/p>\n<h4><span class=\"ez-toc-section\" id=\"Procesy_czarownic\"><\/span><span style=\"font-family: 'Liberation Serif', serif;\">Procesy czarownic<\/span><span class=\"ez-toc-section-end\"><\/span><\/h4>\n<p><span style=\"font-family: 'Liberation Serif', serif;\">Angelika to kobieta, kt\u00f3ra gardzi osobami ni\u017cej urodzonymi. Jest wynios\u0142a i czasem bezlitosna wobec poddanych. <\/span><span style=\"font-family: 'Liberation Serif', serif;\">Wywy\u017csza si\u0119 na ka\u017cdym kroku i podkre\u015bla jak wa\u017cna sta\u0142a si\u0119 na dworze.<\/span><\/p>\n<div id=\"attachment_1812\" style=\"width: 778px\" class=\"wp-caption aligncenter\"><img loading=\"lazy\" decoding=\"async\" aria-describedby=\"caption-attachment-1812\" class=\"wp-image-1812 size-large\" src=\"http:\/\/www.belferwpodrozy.pl\/wp-content\/uploads\/2021\/11\/IMG_20211031_112734-768x1024.jpg\" alt=\"\" width=\"768\" height=\"1024\" srcset=\"https:\/\/www.belferwpodrozy.pl\/wp-content\/uploads\/2021\/11\/IMG_20211031_112734-768x1024.jpg 768w, https:\/\/www.belferwpodrozy.pl\/wp-content\/uploads\/2021\/11\/IMG_20211031_112734-225x300.jpg 225w, https:\/\/www.belferwpodrozy.pl\/wp-content\/uploads\/2021\/11\/IMG_20211031_112734.jpg 1536w\" sizes=\"auto, (max-width: 768px) 100vw, 768px\" \/><p id=\"caption-attachment-1812\" class=\"wp-caption-text\">Angelika Sybila Gallowa<\/p><\/div>\n<p><span style=\"font-family: 'Liberation Serif', serif;\">W<\/span><span style=\"font-family: 'Liberation Serif', serif;\">\u0142adz\u0119 w pa\u0142acu przej<\/span><span style=\"font-family: 'Liberation Serif', serif;\">muje <\/span><span style=\"font-family: 'Liberation Serif', serif;\">po \u015bmierci swojego brata Przemys\u0142awa III, kt\u00f3ry umiera dosy\u0107 m\u0142odo, bo w wieku 44 lat, po \u015bmierci swojej ukochanej \u017cony Al\u017cb<\/span><span style=\"font-family: 'Liberation Serif', serif;\">\u00e9<\/span><span style=\"font-family: 'Liberation Serif', serif;\">ty Juliany.<\/span><\/p>\n<p><span style=\"font-family: 'Liberation Serif', serif;\">Ma\u0142\u017ce\u0144stwo Przemys\u0142awa z Al\u017cbet\u0105 nie by\u0142o szcz\u0119\u015bliwe. Co prawda kochali si\u0119 ale <\/span><span style=\"font-family: 'Liberation Serif', serif;\">ich \u017cycie to pasmo ci\u0105g\u0142ych nieszcz\u0119\u015b\u0107. \u015amier\u0107 5 spo\u015br\u00f3d siedmiorga dzieci, bunty poddanych i w ko\u0144cu \u015bmier\u0107 s\u0142abej i wycie\u0144czonej porodami kobiety. Ta r\u00f3wnie\u017c po zej\u015bciu z tego \u015bwiata nie zazna\u0142a spokoju. Jej ostatnim \u017cyczeniem by\u0142o by jej serce pochowano obok jednego ze zmar\u0142ych dzieci. <\/span><\/p>\n<p><span style=\"font-family: 'Liberation Serif', serif;\">Kilka lat p\u00f3\u017aniej serca poszukiwa\u0142a jej szwagierka Angelika . Nie mog\u0105c go <\/span><span style=\"font-family: 'Liberation Serif', serif;\">odnale\u017a\u0107<\/span> <span style=\"font-family: 'Liberation Serif', serif;\">zacz\u0119\u0142a<\/span><span style=\"font-family: 'Liberation Serif', serif;\"> snu\u0107 w g\u0142owie spisek ze strony poddanych. Wykorzysta\u0142a ten fakt za jaki\u015b czas\u2026<\/span><\/p>\n<p><span style=\"font-family: 'Liberation Serif', serif;\">W 1678 roku, w le\u017c\u0105cym nieopodal Losin Sobootinie, pewna \u017cebraczka usi\u0142owa\u0142a ukra\u015b\u0107 hosti\u0119. Chcia\u0142a j\u0105 poda\u0107 swojej krowie, wierz\u0105c i\u017c ta zacznie dawa\u0107 wi\u0119cej mleka. Nieszcz\u0119sn\u0105 kobiet\u0119 z\u0142apano na gor\u0105cym uczynku i <\/span><span style=\"font-family: 'Liberation Serif', serif;\">postawiono przed oblicze \u00f3wczesnego zarz\u0105dcy ziem, czyli Angeliki. Ta powi\u0105za\u0142a kradzie\u017c hostii ze znikni\u0119ciem serca Al\u017cbety i postanowi\u0142a os\u0105dzi\u0107 kobiet\u0119. <\/span><span style=\"font-family: 'Liberation Serif', serif;\">Sprowadza do posiad\u0142o\u015bci jezuit\u0119 Franciszka\u00a0 Boblig\u0119 z Edelstadtu, kt\u00f3ry rozpoczyna proces s\u0105dowy.<\/span><\/p>\n<div id=\"attachment_1811\" style=\"width: 778px\" class=\"wp-caption aligncenter\"><img loading=\"lazy\" decoding=\"async\" aria-describedby=\"caption-attachment-1811\" class=\"wp-image-1811 size-large\" src=\"http:\/\/www.belferwpodrozy.pl\/wp-content\/uploads\/2021\/11\/IMG_20211031_115524-768x1024.jpg\" alt=\"\" width=\"768\" height=\"1024\" srcset=\"https:\/\/www.belferwpodrozy.pl\/wp-content\/uploads\/2021\/11\/IMG_20211031_115524-768x1024.jpg 768w, https:\/\/www.belferwpodrozy.pl\/wp-content\/uploads\/2021\/11\/IMG_20211031_115524-225x300.jpg 225w, https:\/\/www.belferwpodrozy.pl\/wp-content\/uploads\/2021\/11\/IMG_20211031_115524.jpg 1536w\" sizes=\"auto, (max-width: 768px) 100vw, 768px\" \/><p id=\"caption-attachment-1811\" class=\"wp-caption-text\">W tej sali funkcjonowa\u0142 powo\u0142any na polecenie Angeliki s\u0105d nad czarownicami.<\/p><\/div>\n<p><span style=\"font-family: 'Liberation Serif', serif;\">\u017bebraczka zosta\u0142a pos\u0105dzona o u\u017cywanie nieczystych mocy i postanowiono ukara\u0107 j\u0105 tak jak kara\u0142o si\u0119 w \u00f3wczesnym czasie takie osoby, czyli czarownice \u2013 kar\u0105 \u015bmierci na stosie. <\/span><\/p>\n<p><span style=\"font-family: 'Liberation Serif', serif;\">Kobieta czuj\u0105ca obrzydzenie do prostego ludu i jezuita fanatyk, przez kolejnych dwadzie\u015bcia lat skazali na kar\u0119 tzw. wielkiego ognia ponad 50 os\u00f3b. Oskar\u017cone kobiety nie mia\u0142y \u017cadnej szansy na obron\u0119. Podczas okrutnych tortur przyznawa\u0142y si\u0119 do winy, wydaj\u0105c jednocze\u015bnie na siebie wyrok \u015bmierci.<\/span><\/p>\n<p><span style=\"font-family: 'Liberation Serif', serif;\">Dzia\u0142alno\u015b\u0107 tak specyficznego trybuna\u0142u s\u0105dowego by\u0142a bardzo kosztowna. Proces, tortury, przygotowanie stosu spoczywa\u0142o w r\u0119kach poddanych. Pa\u0144stwo jedynie rozprawiali si\u0119 z panosz\u0105cym si\u0119 z\u0142em! Ukr\u00f3ci\u0142 to Jan Jachym, dziedzic Losin, kt\u00f3ry w 1689 po osi\u0105gni\u0119ciu pe\u0142noletno\u015bci odsuwa Angelin\u0119 od zarz\u0105dzania maj\u0105tkiem i zawiesza s\u0105dy nad \u201eczarownicami\u201d. Nie uwalnia jednak pojmanych do tej pory kobiet, wi\u0119zi je a\u017c do \u015bmierci. Ostatnia z nich umiera w 1710 roku..<\/span><\/p>\n<h4><span class=\"ez-toc-section\" id=\"Zwiedzanie\"><\/span><span style=\"font-family: 'Liberation Serif', serif;\">Zwiedzanie<\/span><span class=\"ez-toc-section-end\"><\/span><\/h4>\n<p><span style=\"font-family: 'Liberation Serif', serif;\">Dzi\u015b Losiny przyci\u0105gaj\u0105 rzesze turyst\u00f3w nie tylko ze wzgl\u0119du na t\u0119 mroczn\u0105 histori\u0119 ale i specyficzny wystr\u00f3j. Zwiedzanie\u00a0odbywa si\u0119\u00a0 o ka\u017cdej pe\u0142nej godzinie, z przewodnikiem w j\u0119zyku czeskim. Jednak przy zakupie biletu warto poprosi\u0107 o tekst w j\u0119zyku polskim. <\/span><\/p>\n<p><span style=\"font-family: 'Liberation Serif', serif;\">Ci mo\u017cna zobaczy\u0107 na terenie zamku?<\/span><\/p>\n<p><span style=\"font-family: 'Liberation Serif', serif;\">Na pierwszy rzut oka zapewne zauwa\u017cycie d\u0142ugie korytarze okalaj\u0105ce wewn\u0119trzny dziedziniec, czyli kru\u017cganki, wzbogacone o doskona\u0142e poro\u017ca\u2026 Nic bardziej mylnego. To atrapy, kiepskiej jako\u015bci, kt\u00f3re maj\u0105 przyci\u0105ga\u0107 nasz wzrok.<\/span><\/p>\n<p><img loading=\"lazy\" decoding=\"async\" class=\"aligncenter wp-image-1820 size-large\" src=\"http:\/\/www.belferwpodrozy.pl\/wp-content\/uploads\/2021\/11\/IMG_20211031_110201-768x1024.jpg\" alt=\"\" width=\"768\" height=\"1024\" srcset=\"https:\/\/www.belferwpodrozy.pl\/wp-content\/uploads\/2021\/11\/IMG_20211031_110201-768x1024.jpg 768w, https:\/\/www.belferwpodrozy.pl\/wp-content\/uploads\/2021\/11\/IMG_20211031_110201-225x300.jpg 225w, https:\/\/www.belferwpodrozy.pl\/wp-content\/uploads\/2021\/11\/IMG_20211031_110201.jpg 1536w\" sizes=\"auto, (max-width: 768px) 100vw, 768px\" \/><\/p>\n<h4><span class=\"ez-toc-section\" id=\"Galeria\"><\/span><span style=\"font-family: 'Liberation Serif', serif;\">Galeria<\/span><span class=\"ez-toc-section-end\"><\/span><\/h4>\n<p><span style=\"font-family: 'Liberation Serif', serif;\">Pomieszczenie w kt\u00f3rym zgromadzono portrety cz\u0142onk\u00f3w rodziny od czas\u00f3w renesansu. Wi\u0119kszo\u015b\u0107 nale\u017cy do rodziny rodu \u017derotin.<\/span><\/p>\n<p><span style=\"font-family: 'Liberation Serif', serif;\">Warta uwagi jest r\u00f3wnie\u017c mapa losi\u0144skiego maj\u0105tku z 1793 roku namalowana na papierze produkowanym w Losinach.<\/span><\/p>\n<p>&nbsp;<\/p>\n<p>&nbsp;<\/p>\n<p>&nbsp;<\/p>\n<p>&nbsp;<\/p>\n<div id=\"attachment_1818\" style=\"width: 778px\" class=\"wp-caption aligncenter\"><img loading=\"lazy\" decoding=\"async\" aria-describedby=\"caption-attachment-1818\" class=\"wp-image-1818 size-large\" src=\"http:\/\/www.belferwpodrozy.pl\/wp-content\/uploads\/2021\/11\/IMG_20211031_111854-768x1024.jpg\" alt=\"\" width=\"768\" height=\"1024\" srcset=\"https:\/\/www.belferwpodrozy.pl\/wp-content\/uploads\/2021\/11\/IMG_20211031_111854-768x1024.jpg 768w, https:\/\/www.belferwpodrozy.pl\/wp-content\/uploads\/2021\/11\/IMG_20211031_111854-225x300.jpg 225w, https:\/\/www.belferwpodrozy.pl\/wp-content\/uploads\/2021\/11\/IMG_20211031_111854.jpg 1536w\" sizes=\"auto, (max-width: 768px) 100vw, 768px\" \/><p id=\"caption-attachment-1818\" class=\"wp-caption-text\">Galeria<\/p><\/div>\n<div id=\"attachment_1817\" style=\"width: 778px\" class=\"wp-caption aligncenter\"><img loading=\"lazy\" decoding=\"async\" aria-describedby=\"caption-attachment-1817\" class=\"wp-image-1817 size-large\" src=\"http:\/\/www.belferwpodrozy.pl\/wp-content\/uploads\/2021\/11\/IMG_20211031_111912-768x1024.jpg\" alt=\"\" width=\"768\" height=\"1024\" srcset=\"https:\/\/www.belferwpodrozy.pl\/wp-content\/uploads\/2021\/11\/IMG_20211031_111912-768x1024.jpg 768w, https:\/\/www.belferwpodrozy.pl\/wp-content\/uploads\/2021\/11\/IMG_20211031_111912-225x300.jpg 225w, https:\/\/www.belferwpodrozy.pl\/wp-content\/uploads\/2021\/11\/IMG_20211031_111912.jpg 1536w\" sizes=\"auto, (max-width: 768px) 100vw, 768px\" \/><p id=\"caption-attachment-1817\" class=\"wp-caption-text\">XVIII wieczna, r\u0119cznie malowana mapa maj\u0105tku Losinskiego<\/p><\/div>\n<h4><span class=\"ez-toc-section\" id=\"Sala_Rycerska\"><\/span><span style=\"font-family: 'Liberation Serif', serif;\">Sala Rycerska <\/span><span class=\"ez-toc-section-end\"><\/span><\/h4>\n<p><span style=\"font-family: 'Liberation Serif', serif;\">Na pierwszy rzut oka to dosy\u0107 mroczne pomieszczenie. Wszystko za spraw\u0105 tapet pochodz\u0105cych z ko\u0144ca XVII wieku. Ozdobione wyt\u0142aczanym ornamentem, kolorami i posrebrzeniami wykonane zosta\u0142y na polecenie Przemys\u0142a III dla jego nowo po\u015blubionej ma\u0142\u017conki Juliany.<\/span><\/p>\n<div id=\"attachment_1819\" style=\"width: 778px\" class=\"wp-caption aligncenter\"><img loading=\"lazy\" decoding=\"async\" aria-describedby=\"caption-attachment-1819\" class=\"wp-image-1819 size-large\" src=\"http:\/\/www.belferwpodrozy.pl\/wp-content\/uploads\/2021\/11\/IMG_20211031_111822-768x1024.jpg\" alt=\"\" width=\"768\" height=\"1024\" srcset=\"https:\/\/www.belferwpodrozy.pl\/wp-content\/uploads\/2021\/11\/IMG_20211031_111822-768x1024.jpg 768w, https:\/\/www.belferwpodrozy.pl\/wp-content\/uploads\/2021\/11\/IMG_20211031_111822-225x300.jpg 225w, https:\/\/www.belferwpodrozy.pl\/wp-content\/uploads\/2021\/11\/IMG_20211031_111822.jpg 1536w\" sizes=\"auto, (max-width: 768px) 100vw, 768px\" \/><p id=\"caption-attachment-1819\" class=\"wp-caption-text\">Sala Rycerska<\/p><\/div>\n<p><span style=\"font-family: 'Liberation Serif', serif;\">Jego poprzednik \u2013 Jan Losi\u0144sky \u2013 budowniczy pa\u0142acu, r\u00f3wnie\u017c w tej sali rozkaza\u0142 wykona\u0107 dwie rzeczy dla swojej czwartej ma\u0142\u017conki. By\u0142 to piec kaflowy z jej inicja\u0142ami oraz kredens do przechowywania zastawy sto\u0142owej (ze z\u0142ota i srebra). Aby zapobiec kradzie\u017com kredens otoczono p\u0142otkiem.<\/span><\/p>\n<p><img loading=\"lazy\" decoding=\"async\" class=\"aligncenter wp-image-1814 size-large\" src=\"http:\/\/www.belferwpodrozy.pl\/wp-content\/uploads\/2021\/11\/IMG_20211031_112234-576x1024.jpg\" alt=\"\" width=\"576\" height=\"1024\" srcset=\"https:\/\/www.belferwpodrozy.pl\/wp-content\/uploads\/2021\/11\/IMG_20211031_112234-576x1024.jpg 576w, https:\/\/www.belferwpodrozy.pl\/wp-content\/uploads\/2021\/11\/IMG_20211031_112234-169x300.jpg 169w, https:\/\/www.belferwpodrozy.pl\/wp-content\/uploads\/2021\/11\/IMG_20211031_112234-768x1365.jpg 768w, https:\/\/www.belferwpodrozy.pl\/wp-content\/uploads\/2021\/11\/IMG_20211031_112234.jpg 1152w\" sizes=\"auto, (max-width: 576px) 100vw, 576px\" \/><\/p>\n<div id=\"attachment_1813\" style=\"width: 586px\" class=\"wp-caption aligncenter\"><img loading=\"lazy\" decoding=\"async\" aria-describedby=\"caption-attachment-1813\" class=\"wp-image-1813 size-large\" src=\"http:\/\/www.belferwpodrozy.pl\/wp-content\/uploads\/2021\/11\/IMG_20211031_112239-576x1024.jpg\" alt=\"\" width=\"576\" height=\"1024\" srcset=\"https:\/\/www.belferwpodrozy.pl\/wp-content\/uploads\/2021\/11\/IMG_20211031_112239-576x1024.jpg 576w, https:\/\/www.belferwpodrozy.pl\/wp-content\/uploads\/2021\/11\/IMG_20211031_112239-169x300.jpg 169w, https:\/\/www.belferwpodrozy.pl\/wp-content\/uploads\/2021\/11\/IMG_20211031_112239-768x1365.jpg 768w, https:\/\/www.belferwpodrozy.pl\/wp-content\/uploads\/2021\/11\/IMG_20211031_112239.jpg 1152w\" sizes=\"auto, (max-width: 576px) 100vw, 576px\" \/><p id=\"caption-attachment-1813\" class=\"wp-caption-text\">Kredens do przechowywania cennej zastawy<\/p><\/div>\n<p><span style=\"font-family: 'Liberation Serif', serif;\">Dope\u0142nieniem sali jest pi\u0119kny <\/span><span style=\"font-family: 'Liberation Serif', serif;\">kasetonowy sufit.<\/span><\/p>\n<p><img loading=\"lazy\" decoding=\"async\" class=\"aligncenter wp-image-1815 size-large\" src=\"http:\/\/www.belferwpodrozy.pl\/wp-content\/uploads\/2021\/11\/IMG_20211031_112051-768x1024.jpg\" alt=\"\" width=\"768\" height=\"1024\" srcset=\"https:\/\/www.belferwpodrozy.pl\/wp-content\/uploads\/2021\/11\/IMG_20211031_112051-768x1024.jpg 768w, https:\/\/www.belferwpodrozy.pl\/wp-content\/uploads\/2021\/11\/IMG_20211031_112051-225x300.jpg 225w, https:\/\/www.belferwpodrozy.pl\/wp-content\/uploads\/2021\/11\/IMG_20211031_112051.jpg 1536w\" sizes=\"auto, (max-width: 768px) 100vw, 768px\" \/><\/p>\n<h4><span class=\"ez-toc-section\" id=\"Jadalnia\"><\/span><span style=\"font-family: 'Liberation Serif', serif;\">Jadalnia<\/span><span class=\"ez-toc-section-end\"><\/span><\/h4>\n<p><span style=\"font-family: 'Liberation Serif', serif;\">Na co dzie\u0144 nie korzystano z sali rycerskiej. Tam odbywa\u0142y si\u0119 \u015bluby, stypy, wydarzenia towarzyskie. Zwyk\u0142e, codzienne posi\u0142ki spo\u017cywano w ma\u0142ej sali, zwanej r\u00f3wnie\u017c niebieskim pokojem. \u015aciany tego pomieszczenie pokryte s\u0105 unikatowymi sk\u00f3rzanymi i materia\u0142owymi tapetami z pocz\u0105tku XVIII wieku w kolorze niebieskim. <\/span><span style=\"font-family: 'Liberation Serif', serif;\">Na nich umieszczono XVII wieczne francuskie tapiserie, czyli gobeliny.<\/span><\/p>\n<p><img loading=\"lazy\" decoding=\"async\" class=\"aligncenter wp-image-1816 size-large\" src=\"http:\/\/www.belferwpodrozy.pl\/wp-content\/uploads\/2021\/11\/IMG_20211031_111927-768x1024.jpg\" alt=\"\" width=\"768\" height=\"1024\" srcset=\"https:\/\/www.belferwpodrozy.pl\/wp-content\/uploads\/2021\/11\/IMG_20211031_111927-768x1024.jpg 768w, https:\/\/www.belferwpodrozy.pl\/wp-content\/uploads\/2021\/11\/IMG_20211031_111927-225x300.jpg 225w, https:\/\/www.belferwpodrozy.pl\/wp-content\/uploads\/2021\/11\/IMG_20211031_111927.jpg 1536w\" sizes=\"auto, (max-width: 768px) 100vw, 768px\" \/><\/p>\n<h4><span class=\"ez-toc-section\" id=\"Kaplica\"><\/span><span style=\"font-family: 'Liberation Serif', serif;\">K<\/span><span style=\"font-family: 'Liberation Serif', serif;\">aplica<\/span><span class=\"ez-toc-section-end\"><\/span><\/h4>\n<p><span style=\"font-family: 'Liberation Serif', serif;\">Warto r\u00f3wnie\u017c zagl\u0105dn\u0105\u0107 do bogato zdobionej kaplicy Sk\u0142adaj\u0105cej si\u0119 z dw\u00f3ch pi\u0119ter wykonanych odpowiednio w XVII I XVIII wieku. Starsza cz\u0119\u015b\u0107 znajduj\u0119 si\u0119 na g\u00f3rze i by\u0142a podarunkiem Przemys\u0142a III dla swojej ma\u0142\u017conki Juliany, m\u0142odsza to efekt przebudowy, polegaj\u0105cej m.in. na usuni\u0119cia pod\u0142ogi mi\u0119dzy pi\u0119trami.<\/span><\/p>\n<div id=\"attachment_1809\" style=\"width: 778px\" class=\"wp-caption aligncenter\"><img loading=\"lazy\" decoding=\"async\" aria-describedby=\"caption-attachment-1809\" class=\"wp-image-1809 size-large\" src=\"http:\/\/www.belferwpodrozy.pl\/wp-content\/uploads\/2021\/11\/IMG_20211031_115841-768x1024.jpg\" alt=\"\" width=\"768\" height=\"1024\" srcset=\"https:\/\/www.belferwpodrozy.pl\/wp-content\/uploads\/2021\/11\/IMG_20211031_115841-768x1024.jpg 768w, https:\/\/www.belferwpodrozy.pl\/wp-content\/uploads\/2021\/11\/IMG_20211031_115841-225x300.jpg 225w, https:\/\/www.belferwpodrozy.pl\/wp-content\/uploads\/2021\/11\/IMG_20211031_115841.jpg 1536w\" sizes=\"auto, (max-width: 768px) 100vw, 768px\" \/><p id=\"caption-attachment-1809\" class=\"wp-caption-text\">Starsza cz\u0119\u015b\u0107 kaplicy<\/p><\/div>\n<div id=\"attachment_1810\" style=\"width: 778px\" class=\"wp-caption aligncenter\"><img loading=\"lazy\" decoding=\"async\" aria-describedby=\"caption-attachment-1810\" class=\"wp-image-1810 size-large\" src=\"http:\/\/www.belferwpodrozy.pl\/wp-content\/uploads\/2021\/11\/IMG_20211031_115611-768x1024.jpg\" alt=\"\" width=\"768\" height=\"1024\" srcset=\"https:\/\/www.belferwpodrozy.pl\/wp-content\/uploads\/2021\/11\/IMG_20211031_115611-768x1024.jpg 768w, https:\/\/www.belferwpodrozy.pl\/wp-content\/uploads\/2021\/11\/IMG_20211031_115611-225x300.jpg 225w, https:\/\/www.belferwpodrozy.pl\/wp-content\/uploads\/2021\/11\/IMG_20211031_115611.jpg 1536w\" sizes=\"auto, (max-width: 768px) 100vw, 768px\" \/><p id=\"caption-attachment-1810\" class=\"wp-caption-text\">Cz\u0119\u015b\u0107 m\u0142odsza<\/p><\/div>\n","protected":false},"excerpt":{"rendered":"<p>Velk\u00e9 Losiny to niewielka ale jedna z najstarszych wsi w powiecie o\u0142omunieckim. Znajduje si\u0119 w niej niezwyk\u0142ej urody pa\u0142ac, chocia\u017c pa\u0142ac\u00f3w i zamk\u00f3w na terenie Czech jest niezliczona ilo\u015b\u0107. Jest jednak co\u015b, co przyci\u0105ga turyst\u00f3w w\u0142a\u015bnie w to miejsce. To pewna mroczna historia, kt\u00f3ra rozpocz\u0119\u0142a si\u0119 w XVII wieku i\u00a0trwa\u0142a ponad 20 lat. A wszystko [&hellip;]<\/p>\n","protected":false},"author":2,"featured_media":1824,"comment_status":"open","ping_status":"open","sticky":false,"template":"","format":"standard","meta":{"footnotes":""},"categories":[14,8,61,3],"tags":[],"class_list":["post-1806","post","type-post","status-publish","format-standard","has-post-thumbnail","category-architektura","category-ciekawe-miejsca","category-czechy","category-europa","czr-hentry"],"_links":{"self":[{"href":"https:\/\/www.belferwpodrozy.pl\/index.php\/wp-json\/wp\/v2\/posts\/1806","targetHints":{"allow":["GET"]}}],"collection":[{"href":"https:\/\/www.belferwpodrozy.pl\/index.php\/wp-json\/wp\/v2\/posts"}],"about":[{"href":"https:\/\/www.belferwpodrozy.pl\/index.php\/wp-json\/wp\/v2\/types\/post"}],"author":[{"embeddable":true,"href":"https:\/\/www.belferwpodrozy.pl\/index.php\/wp-json\/wp\/v2\/users\/2"}],"replies":[{"embeddable":true,"href":"https:\/\/www.belferwpodrozy.pl\/index.php\/wp-json\/wp\/v2\/comments?post=1806"}],"version-history":[{"count":2,"href":"https:\/\/www.belferwpodrozy.pl\/index.php\/wp-json\/wp\/v2\/posts\/1806\/revisions"}],"predecessor-version":[{"id":1827,"href":"https:\/\/www.belferwpodrozy.pl\/index.php\/wp-json\/wp\/v2\/posts\/1806\/revisions\/1827"}],"wp:featuredmedia":[{"embeddable":true,"href":"https:\/\/www.belferwpodrozy.pl\/index.php\/wp-json\/wp\/v2\/media\/1824"}],"wp:attachment":[{"href":"https:\/\/www.belferwpodrozy.pl\/index.php\/wp-json\/wp\/v2\/media?parent=1806"}],"wp:term":[{"taxonomy":"category","embeddable":true,"href":"https:\/\/www.belferwpodrozy.pl\/index.php\/wp-json\/wp\/v2\/categories?post=1806"},{"taxonomy":"post_tag","embeddable":true,"href":"https:\/\/www.belferwpodrozy.pl\/index.php\/wp-json\/wp\/v2\/tags?post=1806"}],"curies":[{"name":"wp","href":"https:\/\/api.w.org\/{rel}","templated":true}]}}