{"id":1846,"date":"2021-12-26T20:26:24","date_gmt":"2021-12-26T19:26:24","guid":{"rendered":"http:\/\/www.belferwpodrozy.pl\/?p=1846"},"modified":"2021-12-26T20:26:24","modified_gmt":"2021-12-26T19:26:24","slug":"palac-kuks-w-czechach-od-uzdrowiska-do-szpitala","status":"publish","type":"post","link":"https:\/\/www.belferwpodrozy.pl\/index.php\/2021\/12\/26\/palac-kuks-w-czechach-od-uzdrowiska-do-szpitala\/","title":{"rendered":"Pa\u0142ac Kuks w Czechach \u2013 od uzdrowiska do szpitala"},"content":{"rendered":"<div id=\"ez-toc-container\" class=\"ez-toc-v2_0_86 counter-hierarchy ez-toc-counter ez-toc-grey ez-toc-container-direction\">\n<p class=\"ez-toc-title\" style=\"cursor:inherit\">Spis tre\u015bci<\/p>\n<label for=\"ez-toc-cssicon-toggle-item-6a9504442dc76\" class=\"ez-toc-cssicon-toggle-label\"><span class=\"\"><span class=\"eztoc-hide\" style=\"display:none;\">Toggle<\/span><span class=\"ez-toc-icon-toggle-span\"><svg style=\"fill: #999;color:#999\" xmlns=\"http:\/\/www.w3.org\/2000\/svg\" class=\"list-377408\" width=\"20px\" height=\"20px\" viewBox=\"0 0 24 24\" fill=\"none\"><path d=\"M6 6H4v2h2V6zm14 0H8v2h12V6zM4 11h2v2H4v-2zm16 0H8v2h12v-2zM4 16h2v2H4v-2zm16 0H8v2h12v-2z\" fill=\"currentColor\"><\/path><\/svg><svg style=\"fill: #999;color:#999\" class=\"arrow-unsorted-368013\" xmlns=\"http:\/\/www.w3.org\/2000\/svg\" width=\"10px\" height=\"10px\" viewBox=\"0 0 24 24\" version=\"1.2\" baseProfile=\"tiny\"><path d=\"M18.2 9.3l-6.2-6.3-6.2 6.3c-.2.2-.3.4-.3.7s.1.5.3.7c.2.2.4.3.7.3h11c.3 0 .5-.1.7-.3.2-.2.3-.5.3-.7s-.1-.5-.3-.7zM5.8 14.7l6.2 6.3 6.2-6.3c.2-.2.3-.5.3-.7s-.1-.5-.3-.7c-.2-.2-.4-.3-.7-.3h-11c-.3 0-.5.1-.7.3-.2.2-.3.5-.3.7s.1.5.3.7z\"\/><\/svg><\/span><\/span><\/label><input type=\"checkbox\"  id=\"ez-toc-cssicon-toggle-item-6a9504442dc76\"  aria-label=\"Prze\u0142\u0105cznik\" \/><nav><ul class='ez-toc-list ez-toc-list-level-1 ' ><li class='ez-toc-page-1 ez-toc-heading-level-4'><a class=\"ez-toc-link ez-toc-heading-1\" href=\"https:\/\/www.belferwpodrozy.pl\/index.php\/2021\/12\/26\/palac-kuks-w-czechach-od-uzdrowiska-do-szpitala\/#Kuks-_polozenie\" >Kuks- po\u0142o\u017cenie<\/a><\/li><li class='ez-toc-page-1 ez-toc-heading-level-4'><a class=\"ez-toc-link ez-toc-heading-2\" href=\"https:\/\/www.belferwpodrozy.pl\/index.php\/2021\/12\/26\/palac-kuks-w-czechach-od-uzdrowiska-do-szpitala\/#Historia_Kuks\" >Historia Kuks<\/a><\/li><li class='ez-toc-page-1 ez-toc-heading-level-4'><a class=\"ez-toc-link ez-toc-heading-3\" href=\"https:\/\/www.belferwpodrozy.pl\/index.php\/2021\/12\/26\/palac-kuks-w-czechach-od-uzdrowiska-do-szpitala\/#Zwiedzanie\" >Zwiedzanie<\/a><\/li><li class='ez-toc-page-1 ez-toc-heading-level-4'><a class=\"ez-toc-link ez-toc-heading-4\" href=\"https:\/\/www.belferwpodrozy.pl\/index.php\/2021\/12\/26\/palac-kuks-w-czechach-od-uzdrowiska-do-szpitala\/#Co_warto_zobaczyc_w_Kuks\" >Co warto zobaczy\u0107 w Kuks?<\/a><\/li><li class='ez-toc-page-1 ez-toc-heading-level-4'><a class=\"ez-toc-link ez-toc-heading-5\" href=\"https:\/\/www.belferwpodrozy.pl\/index.php\/2021\/12\/26\/palac-kuks-w-czechach-od-uzdrowiska-do-szpitala\/#Korytarz\" >Korytarz<\/a><\/li><li class='ez-toc-page-1 ez-toc-heading-level-4'><a class=\"ez-toc-link ez-toc-heading-6\" href=\"https:\/\/www.belferwpodrozy.pl\/index.php\/2021\/12\/26\/palac-kuks-w-czechach-od-uzdrowiska-do-szpitala\/#Kaplica_sw_Krzyza\" >Kaplica \u015bw. Krzy\u017ca<\/a><\/li><li class='ez-toc-page-1 ez-toc-heading-level-4'><a class=\"ez-toc-link ez-toc-heading-7\" href=\"https:\/\/www.belferwpodrozy.pl\/index.php\/2021\/12\/26\/palac-kuks-w-czechach-od-uzdrowiska-do-szpitala\/#Kosciol_Trojcy_Najswietszej\" >Ko\u015bci\u00f3\u0142 Tr\u00f3jcy Naj\u015bwi\u0119tszej<\/a><\/li><li class='ez-toc-page-1 ez-toc-heading-level-4'><a class=\"ez-toc-link ez-toc-heading-8\" href=\"https:\/\/www.belferwpodrozy.pl\/index.php\/2021\/12\/26\/palac-kuks-w-czechach-od-uzdrowiska-do-szpitala\/#Portiernia\" >Portiernia<\/a><\/li><li class='ez-toc-page-1 ez-toc-heading-level-4'><a class=\"ez-toc-link ez-toc-heading-9\" href=\"https:\/\/www.belferwpodrozy.pl\/index.php\/2021\/12\/26\/palac-kuks-w-czechach-od-uzdrowiska-do-szpitala\/#Apteka\" >Apteka<\/a><\/li><li class='ez-toc-page-1 ez-toc-heading-level-4'><a class=\"ez-toc-link ez-toc-heading-10\" href=\"https:\/\/www.belferwpodrozy.pl\/index.php\/2021\/12\/26\/palac-kuks-w-czechach-od-uzdrowiska-do-szpitala\/#Lapidarium\" >Lapidarium<\/a><\/li><li class='ez-toc-page-1 ez-toc-heading-level-4'><a class=\"ez-toc-link ez-toc-heading-11\" href=\"https:\/\/www.belferwpodrozy.pl\/index.php\/2021\/12\/26\/palac-kuks-w-czechach-od-uzdrowiska-do-szpitala\/#Dziedziniec_i_ogrod\" >Dziedziniec i ogr\u00f3d<\/a><\/li><\/ul><\/nav><\/div>\n<p>Gdyby kto\u015b mi kiedy\u015b powiedzia\u0142, \u017ce b\u0119d\u0119 zwiedza\u0107 szpital, nie uwierzy\u0142abym w to. No chyba, \u017ce by\u0142a by to jaka\u015b urbexowa wyprawa. Jednak jest jeden szpital, kt\u00f3ry je\u015bli jeszcze nie widzieli\u015bcie, to zdecydowanie polecam.<\/p>\n<h4><span class=\"ez-toc-section\" id=\"Kuks-_polozenie\"><\/span>Kuks- po\u0142o\u017cenie<span class=\"ez-toc-section-end\"><\/span><\/h4>\n<p>Kuks to niewielka miejscowo\u015b\u0107 po\u0142o\u017cona w Czechach w powiecie Trutnowskim, zaledwie 35 km od polsko \u2013 czeskiej granicy. Wioska przyci\u0105ga dzi\u015b rzesze turyst\u00f3w a wszystko za spraw\u0105 pi\u0119knego, barokowego kompleksu pa\u0142acowego. No w\u0142a\u015bnie. Budowla nigdy nie pe\u0142ni\u0142a funkcji pa\u0142acu. Pocz\u0105tkowo funkcjonowa\u0142o tu uzdrowisko, przekszta\u0142cone nast\u0119pnie w szpital. Ale po kolei\u2026<\/p>\n<p><img loading=\"lazy\" decoding=\"async\" class=\"aligncenter wp-image-1873 size-large\" src=\"http:\/\/www.belferwpodrozy.pl\/wp-content\/uploads\/2021\/12\/IMG_20211030_125151-768x1024.jpg\" alt=\"\" width=\"768\" height=\"1024\" srcset=\"https:\/\/www.belferwpodrozy.pl\/wp-content\/uploads\/2021\/12\/IMG_20211030_125151-768x1024.jpg?v=1640545427 768w, https:\/\/www.belferwpodrozy.pl\/wp-content\/uploads\/2021\/12\/IMG_20211030_125151-225x300.jpg?v=1640545427 225w, https:\/\/www.belferwpodrozy.pl\/wp-content\/uploads\/2021\/12\/IMG_20211030_125151.jpg?v=1640545427 1536w\" sizes=\"auto, (max-width: 768px) 100vw, 768px\" \/><\/p>\n<h4><span class=\"ez-toc-section\" id=\"Historia_Kuks\"><\/span>Historia Kuks<span class=\"ez-toc-section-end\"><\/span><\/h4>\n<p>W 1664 roku austriacki genera\u0142 Johan \u0160porek, w nagrod\u0119 za swoje wojenne zas\u0142ugi, otrzymuje tytu\u0142 szlachecki wraz z ziemiami doliny Kuksu.<br \/>\nKilka lat p\u00f3\u017aniej maj\u0105tek dziedziczy jego syn Franz Anton \u0160porek, cz\u0142owiek szanowany, z licznymi koneksjami. Prowadzi\u0142 m.in. Rozmowy z Augustem II Mocnym, Antonio Vivaldim czy Janem Sebastianem Bachem.<br \/>\nW tym te\u017c czasie odkryto w Kuks \u017ar\u00f3d\u0142a mineralne. Przedsi\u0119biorczy szlachcic zapragn\u0105\u0142 wi\u0119c stworzy\u0107 tu luksusowe uzdrowisko dla zamo\u017cnych z ca\u0142ej Europy. W tym celu zatrudnia najlepszych europejskich artyst\u00f3w z W\u0142och, Austrii i Czech.<br \/>\nPod koniec XVII wieku powstaje kompleks, staj\u0105cy si\u0119 konkurencj\u0105 dla niemieckiego Baden ( od 1931 roku funkcjonuje nazwa Baden-Baden) czy czeskich Karlowych Var. Szlachta z ca\u0142ej Europy zachwyca si\u0119 nowo powsta\u0142ym uzdrowiskiem, w kt\u00f3rym organizowane s\u0105 liczne atrakcje: bale, uroczysto\u015bci wzbogacane o oper\u0119 weneck\u0105, bengalskie ognie na \u0141abie czy wype\u0142nione winem studnie.<\/p>\n<p><img loading=\"lazy\" decoding=\"async\" class=\"aligncenter wp-image-1874 size-large\" src=\"http:\/\/www.belferwpodrozy.pl\/wp-content\/uploads\/2021\/12\/IMG_20211030_124923-768x1024.jpg\" alt=\"\" width=\"768\" height=\"1024\" srcset=\"https:\/\/www.belferwpodrozy.pl\/wp-content\/uploads\/2021\/12\/IMG_20211030_124923-768x1024.jpg?v=1640545472 768w, https:\/\/www.belferwpodrozy.pl\/wp-content\/uploads\/2021\/12\/IMG_20211030_124923-225x300.jpg?v=1640545472 225w, https:\/\/www.belferwpodrozy.pl\/wp-content\/uploads\/2021\/12\/IMG_20211030_124923.jpg?v=1640545472 1536w\" sizes=\"auto, (max-width: 768px) 100vw, 768px\" \/><\/p>\n<p>Luksusowe uzdrowisko funkcjonuje przez 40 lat, a\u017c do \u015bmierci Franza.\u00a0Nast\u0119pnie z miesi\u0105ca na miesi\u0105c\u00a0pustoszeje. Do ca\u0142kowitego upadku przyczynia si\u0119 wielka pow\u00f3d\u017a, jaka nawiedza to miejsce w 1740 roku. Trzy lata p\u00f3\u017aniej zakon Bonifatr\u00f3w przejmuje obiekt i otwiera w nim szpital, zajmuj\u0105cy si\u0119 starcami i inwalidami wojennymi. W tym czasie prze\u017cywa r\u00f3wnie ci\u0119\u017ckie chwile, jak chocia\u017cby pot\u0119\u017cny po\u017car pod koniec XIX wieku. Szpital funkcjonuje a\u017c do 1938 roku. Podczas II wojny \u015bwiatowej s\u0142u\u017cy\u0142 Hitlerjugend jako dom poprawczy a po niej, a\u017c do 1972 roku, pe\u0142ni funkcj\u0119 domu starc\u00f3w.<\/p>\n<h4><span class=\"ez-toc-section\" id=\"Zwiedzanie\"><\/span>Zwiedzanie<span class=\"ez-toc-section-end\"><\/span><\/h4>\n<p>Obecnie obiekt mo\u017cna zwiedza\u0107 jedynie z przewodnikiem. Przy zakupie bilet\u00f3w &#8211; oko\u0142o 160 koron, czyli ok. 30 z\u0142, warto poprosi\u0107 o papierowy \u201eprzewodnik\u201d w j\u0119zyku polskim.<\/p>\n<p><img loading=\"lazy\" decoding=\"async\" class=\"aligncenter wp-image-1870 size-large\" src=\"http:\/\/www.belferwpodrozy.pl\/wp-content\/uploads\/2021\/12\/IMG_20211030_131038-768x1024.jpg\" alt=\"\" width=\"768\" height=\"1024\" srcset=\"https:\/\/www.belferwpodrozy.pl\/wp-content\/uploads\/2021\/12\/IMG_20211030_131038-768x1024.jpg?v=1640545402 768w, https:\/\/www.belferwpodrozy.pl\/wp-content\/uploads\/2021\/12\/IMG_20211030_131038-225x300.jpg?v=1640545402 225w, https:\/\/www.belferwpodrozy.pl\/wp-content\/uploads\/2021\/12\/IMG_20211030_131038.jpg?v=1640545402 1536w\" sizes=\"auto, (max-width: 768px) 100vw, 768px\" \/><\/p>\n<p>Dodatkowo polecam wykupi\u0107 zwiedzanie aptek z okresu XVIII-XX wieku. Podstawowe zapoznanie si\u0119 z obiektem\u00a0trwa oko\u0142o godziny i\u00a0rozpoczyna si\u0119 o ka\u017cdej pe\u0142nej godzinie. Wszelkie informacje dotycz\u0105ce godzin otwarcia i mo\u017cliwo\u015bci odwiedzenia obiektu znajduj\u0105 si\u0119 na stronie <a href=\"https:\/\/www.hospital-kuks.cz\/cs\">zabytku<\/a>.<\/p>\n<h4><span class=\"ez-toc-section\" id=\"Co_warto_zobaczyc_w_Kuks\"><\/span>Co warto zobaczy\u0107 w Kuks?<span class=\"ez-toc-section-end\"><\/span><\/h4>\n<h4><span class=\"ez-toc-section\" id=\"Korytarz\"><\/span>Korytarz<span class=\"ez-toc-section-end\"><\/span><\/h4>\n<p>Jeszcze przed powstaniem szpitala \u015bciany korytarza pokryte zosta\u0142y freskami przedstawiaj\u0105cymi taniec \u015bmierci. Na malowid\u0142ach spotkamy j\u0105, ta\u0144cz\u0105c\u0105 z ka\u017cdym stanem spo\u0142ecznym, z biednym i bogatym, w\u0142adc\u0105 i ch\u0142opem, chc\u0105c nam w ten spos\u00f3b u\u015bwiadomi\u0107, \u017ce przed jej obliczem wszyscy jeste\u015bmy r\u00f3wni.<\/p>\n<p><img loading=\"lazy\" decoding=\"async\" class=\"aligncenter wp-image-1869 size-large\" src=\"http:\/\/www.belferwpodrozy.pl\/wp-content\/uploads\/2021\/12\/IMG_20211030_132238-576x1024.jpg\" alt=\"\" width=\"576\" height=\"1024\" srcset=\"https:\/\/www.belferwpodrozy.pl\/wp-content\/uploads\/2021\/12\/IMG_20211030_132238-576x1024.jpg?v=1640545397 576w, https:\/\/www.belferwpodrozy.pl\/wp-content\/uploads\/2021\/12\/IMG_20211030_132238-169x300.jpg?v=1640545397 169w, https:\/\/www.belferwpodrozy.pl\/wp-content\/uploads\/2021\/12\/IMG_20211030_132238-768x1365.jpg?v=1640545397 768w, https:\/\/www.belferwpodrozy.pl\/wp-content\/uploads\/2021\/12\/IMG_20211030_132238.jpg?v=1640545397 1152w\" sizes=\"auto, (max-width: 576px) 100vw, 576px\" \/><br \/>\nCiekawe jakie samopoczucie mieli pacjenci szpitala, kt\u00f3rzy codziennie spacerowali po takim korytarzu. W XIX wieku malowid\u0142a pokryto bia\u0142\u0105 farb\u0105 i na nowo odkryto je dopiero w 2014 roku.<\/p>\n<p><img loading=\"lazy\" decoding=\"async\" class=\"aligncenter wp-image-1868 size-large\" src=\"http:\/\/www.belferwpodrozy.pl\/wp-content\/uploads\/2021\/12\/IMG_20211030_132344-576x1024.jpg\" alt=\"\" width=\"576\" height=\"1024\" srcset=\"https:\/\/www.belferwpodrozy.pl\/wp-content\/uploads\/2021\/12\/IMG_20211030_132344-576x1024.jpg?v=1640545392 576w, https:\/\/www.belferwpodrozy.pl\/wp-content\/uploads\/2021\/12\/IMG_20211030_132344-169x300.jpg?v=1640545392 169w, https:\/\/www.belferwpodrozy.pl\/wp-content\/uploads\/2021\/12\/IMG_20211030_132344-768x1365.jpg?v=1640545392 768w, https:\/\/www.belferwpodrozy.pl\/wp-content\/uploads\/2021\/12\/IMG_20211030_132344.jpg?v=1640545392 1152w\" sizes=\"auto, (max-width: 576px) 100vw, 576px\" \/><\/p>\n<h4><span class=\"ez-toc-section\" id=\"Kaplica_sw_Krzyza\"><\/span>Kaplica \u015bw. Krzy\u017ca<span class=\"ez-toc-section-end\"><\/span><\/h4>\n<p>Kaplica u\u017cywana by\u0142a do prywatnych nabo\u017ce\u0144stw wychowank\u00f3w szpitala. Dzi\u015b znajdziemy w niej XVIII rze\u017aby, obrazy czy tablicow\u0105 szopk\u0119 zestawion\u0105 z 3 p\u0142\u00f3cien i 7 tablic.<\/p>\n<p><img loading=\"lazy\" decoding=\"async\" class=\"aligncenter wp-image-1866 size-large\" src=\"http:\/\/www.belferwpodrozy.pl\/wp-content\/uploads\/2021\/12\/IMG_20211030_132650-1024x576.jpg\" alt=\"\" width=\"1024\" height=\"576\" srcset=\"https:\/\/www.belferwpodrozy.pl\/wp-content\/uploads\/2021\/12\/IMG_20211030_132650-1024x576.jpg?v=1640545384 1024w, https:\/\/www.belferwpodrozy.pl\/wp-content\/uploads\/2021\/12\/IMG_20211030_132650-300x169.jpg?v=1640545384 300w, https:\/\/www.belferwpodrozy.pl\/wp-content\/uploads\/2021\/12\/IMG_20211030_132650-768x432.jpg?v=1640545384 768w, https:\/\/www.belferwpodrozy.pl\/wp-content\/uploads\/2021\/12\/IMG_20211030_132650.jpg?v=1640545384 2048w\" sizes=\"auto, (max-width: 1024px) 100vw, 1024px\" \/><\/p>\n<h4><span class=\"ez-toc-section\" id=\"Kosciol_Trojcy_Najswietszej\"><\/span>Ko\u015bci\u00f3\u0142 Tr\u00f3jcy Naj\u015bwi\u0119tszej<span class=\"ez-toc-section-end\"><\/span><\/h4>\n<p>Wybudowano go na pocz\u0105tku XVIII wieku. O\u0142tarz g\u0142\u00f3wny powsta\u0142 z piaskowca pokrytego imitacj\u0105 z marmuru. Rozgl\u0105daj\u0105 ci\u0119 po ko\u015bciele warto zwr\u00f3ci\u0107 uwag\u0119 na barokow\u0105 ambon\u0119, herby umieszczone w \u015blepych oknach i dwa boczne o\u0142tarze. Jeden po\u015bwi\u0119cony jest patronowi Czech Janowi Nepomucenowi, drugi za\u0142o\u017cycielowi Bonifatr\u00f3w \u2013 \u015bw. Janowi Bo\u017cemu.<\/p>\n<p><img loading=\"lazy\" decoding=\"async\" class=\"aligncenter wp-image-1863 size-large\" src=\"http:\/\/www.belferwpodrozy.pl\/wp-content\/uploads\/2021\/12\/IMG_20211030_134342-768x1024.jpg\" alt=\"\" width=\"768\" height=\"1024\" srcset=\"https:\/\/www.belferwpodrozy.pl\/wp-content\/uploads\/2021\/12\/IMG_20211030_134342-768x1024.jpg?v=1640545363 768w, https:\/\/www.belferwpodrozy.pl\/wp-content\/uploads\/2021\/12\/IMG_20211030_134342-225x300.jpg?v=1640545363 225w, https:\/\/www.belferwpodrozy.pl\/wp-content\/uploads\/2021\/12\/IMG_20211030_134342.jpg?v=1640545363 1536w\" sizes=\"auto, (max-width: 768px) 100vw, 768px\" \/><br \/>\nPod ch\u00f3rem znajduje si\u0119 wej\u015bcie do grobowca \u0160pork\u00f3w, ozdobione wizerunkiem ko\u015bciotrupa i \u0142aci\u0144sk\u0105 sentencj\u0105 Memento Mori \u2013 Pami\u0119taj, \u017ce musisz umrze\u0107.<\/p>\n<p><img loading=\"lazy\" decoding=\"async\" class=\"aligncenter wp-image-1864 size-large\" src=\"http:\/\/www.belferwpodrozy.pl\/wp-content\/uploads\/2021\/12\/IMG_20211030_134332-576x1024.jpg\" alt=\"\" width=\"576\" height=\"1024\" srcset=\"https:\/\/www.belferwpodrozy.pl\/wp-content\/uploads\/2021\/12\/IMG_20211030_134332-576x1024.jpg?v=1640545368 576w, https:\/\/www.belferwpodrozy.pl\/wp-content\/uploads\/2021\/12\/IMG_20211030_134332-169x300.jpg?v=1640545368 169w, https:\/\/www.belferwpodrozy.pl\/wp-content\/uploads\/2021\/12\/IMG_20211030_134332-768x1365.jpg?v=1640545368 768w, https:\/\/www.belferwpodrozy.pl\/wp-content\/uploads\/2021\/12\/IMG_20211030_134332.jpg?v=1640545368 1152w\" sizes=\"auto, (max-width: 576px) 100vw, 576px\" \/><\/p>\n<h4><span class=\"ez-toc-section\" id=\"Portiernia\"><\/span>Portiernia<span class=\"ez-toc-section-end\"><\/span><\/h4>\n<p>To miejsce przybli\u017ca nam histori\u0119 zakonu Bonifatr\u00f3w. Odnajdziemy tu m.in. dwa obrazy przedstawiaj\u0105ce za\u0142o\u017cyciela zakonu Jana Bo\u017cego, owoc granatu \u2013 god\u0142o Bonifatr\u00f3w &#8211; symbol \u017cycia wiecznego oraz habit w kolorze czarnym. Warto nadmieni\u0107, \u017ce do opieki nad chorymi bracia zak\u0142adali habit bia\u0142y.<\/p>\n<p><img loading=\"lazy\" decoding=\"async\" class=\"aligncenter wp-image-1861 size-large\" src=\"http:\/\/www.belferwpodrozy.pl\/wp-content\/uploads\/2021\/12\/IMG_20211030_134710-768x1024.jpg\" alt=\"\" width=\"768\" height=\"1024\" srcset=\"https:\/\/www.belferwpodrozy.pl\/wp-content\/uploads\/2021\/12\/IMG_20211030_134710-768x1024.jpg?v=1640545355 768w, https:\/\/www.belferwpodrozy.pl\/wp-content\/uploads\/2021\/12\/IMG_20211030_134710-225x300.jpg?v=1640545355 225w, https:\/\/www.belferwpodrozy.pl\/wp-content\/uploads\/2021\/12\/IMG_20211030_134710.jpg?v=1640545355 1536w\" sizes=\"auto, (max-width: 768px) 100vw, 768px\" \/><br \/>\nPodnosz\u0105c g\u0142ow\u0119 do g\u00f3ry ujrzymy niezwykle kolorowy \u017cyrandol z ko\u0144ca XIX wieku, kt\u00f3ry swoim wygl\u0105dem ma imitowa\u0107 weneckie prace.<\/p>\n<p><img loading=\"lazy\" decoding=\"async\" class=\"aligncenter wp-image-1860 size-large\" src=\"http:\/\/www.belferwpodrozy.pl\/wp-content\/uploads\/2021\/12\/IMG_20211030_134748-768x1024.jpg\" alt=\"\" width=\"768\" height=\"1024\" srcset=\"https:\/\/www.belferwpodrozy.pl\/wp-content\/uploads\/2021\/12\/IMG_20211030_134748-768x1024.jpg?v=1640545351 768w, https:\/\/www.belferwpodrozy.pl\/wp-content\/uploads\/2021\/12\/IMG_20211030_134748-225x300.jpg?v=1640545351 225w, https:\/\/www.belferwpodrozy.pl\/wp-content\/uploads\/2021\/12\/IMG_20211030_134748.jpg?v=1640545351 1536w\" sizes=\"auto, (max-width: 768px) 100vw, 768px\" \/><\/p>\n<h4><span class=\"ez-toc-section\" id=\"Apteka\"><\/span>Apteka<span class=\"ez-toc-section-end\"><\/span><\/h4>\n<p>Apteka \u201ePod jab\u0142kiem granatu\u201d otwarta zosta\u0142a w tym samym roku, w kt\u00f3rym rozpocz\u0105\u0142 swoj\u0105 dzia\u0142alno\u015b\u0107 szpital (1743). Obecnie uznawana jest za jeden z najstarszych zabytk\u00f3w tego typu w Europie \u015arodkowej. Na p\u00f3\u0142kach odnajdziemy czerwone puszki \u2013 to najstarsze opakowania apteczne, wyprodukowane z drzewa lipowego moczonego w byczej krwi. Przeznaczone by\u0142y do sypkich produkt\u00f3w. Obok stoj\u0105 porcelanowe pojemniki do przechowywania ma\u015bci i szklane na tabletki.<\/p>\n<p><img loading=\"lazy\" decoding=\"async\" class=\"aligncenter wp-image-1856 size-large\" src=\"http:\/\/www.belferwpodrozy.pl\/wp-content\/uploads\/2021\/12\/IMG_20211030_1358221-768x1024.jpg\" alt=\"\" width=\"768\" height=\"1024\" srcset=\"https:\/\/www.belferwpodrozy.pl\/wp-content\/uploads\/2021\/12\/IMG_20211030_1358221-768x1024.jpg?v=1640545267 768w, https:\/\/www.belferwpodrozy.pl\/wp-content\/uploads\/2021\/12\/IMG_20211030_1358221-225x300.jpg?v=1640545267 225w, https:\/\/www.belferwpodrozy.pl\/wp-content\/uploads\/2021\/12\/IMG_20211030_1358221.jpg?v=1640545267 1536w\" sizes=\"auto, (max-width: 768px) 100vw, 768px\" \/><\/p>\n<p>&nbsp;<\/p>\n<p><img loading=\"lazy\" decoding=\"async\" class=\"aligncenter wp-image-1854 size-large\" src=\"http:\/\/www.belferwpodrozy.pl\/wp-content\/uploads\/2021\/12\/IMG_20211030_142143-576x1024.jpg\" alt=\"\" width=\"576\" height=\"1024\" srcset=\"https:\/\/www.belferwpodrozy.pl\/wp-content\/uploads\/2021\/12\/IMG_20211030_142143-576x1024.jpg?v=1640545203 576w, https:\/\/www.belferwpodrozy.pl\/wp-content\/uploads\/2021\/12\/IMG_20211030_142143-169x300.jpg?v=1640545203 169w, https:\/\/www.belferwpodrozy.pl\/wp-content\/uploads\/2021\/12\/IMG_20211030_142143-768x1365.jpg?v=1640545203 768w, https:\/\/www.belferwpodrozy.pl\/wp-content\/uploads\/2021\/12\/IMG_20211030_142143.jpg?v=1640545203 1152w\" sizes=\"auto, (max-width: 576px) 100vw, 576px\" \/><br \/>\nNa aptekarskim stole wyrasta drzewo \u017cycia, pe\u0142ni\u0105ce funkcj\u0119 stojaka do wag.<\/p>\n<p>Bardzo ciekawy element znajduje si\u0119 tu\u017c nad wej\u015bciem do pomieszczenia aptecznego \u2013 to g\u0142owa jednoro\u017cca. R\u00f3g, kt\u00f3ry widzimy, pochodzi z morskiego ssaka narwala, z kt\u00f3rego uzyskiwano proszek przeciwko uk\u0105szeniom w\u0119\u017ca.<\/p>\n<p><img loading=\"lazy\" decoding=\"async\" class=\"aligncenter wp-image-1859 size-large\" src=\"http:\/\/www.belferwpodrozy.pl\/wp-content\/uploads\/2021\/12\/IMG_20211030_135515-e1640546516330-576x1024.jpg\" alt=\"\" width=\"576\" height=\"1024\" srcset=\"https:\/\/www.belferwpodrozy.pl\/wp-content\/uploads\/2021\/12\/IMG_20211030_135515-e1640546516330-576x1024.jpg?v=1640545296 576w, https:\/\/www.belferwpodrozy.pl\/wp-content\/uploads\/2021\/12\/IMG_20211030_135515-e1640546516330-169x300.jpg?v=1640545296 169w, https:\/\/www.belferwpodrozy.pl\/wp-content\/uploads\/2021\/12\/IMG_20211030_135515-e1640546516330-768x1365.jpg?v=1640545296 768w, https:\/\/www.belferwpodrozy.pl\/wp-content\/uploads\/2021\/12\/IMG_20211030_135515-e1640546516330.jpg?v=1640545296 1152w\" sizes=\"auto, (max-width: 576px) 100vw, 576px\" \/><\/p>\n<h4><span class=\"ez-toc-section\" id=\"Lapidarium\"><\/span>Lapidarium<span class=\"ez-toc-section-end\"><\/span><\/h4>\n<p>Poza g\u0142\u00f3wnym budynkiem szpitalnym warto odwiedzi\u0107 lapidarium, umieszczone tu oryginalne elementy architektoniczne, a tak dok\u0142adnie pos\u0105gi autorstwa M.B. Brauna &#8211; najwybitniejszego czeskiego barokowego rze\u017abiarza. Ten 28 \u2013 letni w\u00f3wczas artysta stworzy\u0142 alegoryczne rze\u017aby przedstawiaj\u0105ce Cnoty i Wyst\u0119pki, kt\u00f3re mia\u0142y podopiecznym szpitala przypomina\u0107, \u017ce istnieje i dobro i z\u0142o. Pierwotnie pomieszczenie stanowi\u0142o g\u0142\u00f3wn\u0105 sal\u0119 szpitala, w kt\u00f3rej sta\u0142y 34 \u0142\u00f3\u017cka.<\/p>\n<p><img loading=\"lazy\" decoding=\"async\" class=\"aligncenter wp-image-1858 size-large\" src=\"http:\/\/www.belferwpodrozy.pl\/wp-content\/uploads\/2021\/12\/IMG_20211030_140518-1-576x1024.jpg\" alt=\"\" width=\"576\" height=\"1024\" srcset=\"https:\/\/www.belferwpodrozy.pl\/wp-content\/uploads\/2021\/12\/IMG_20211030_140518-1-576x1024.jpg?v=1640545292 576w, https:\/\/www.belferwpodrozy.pl\/wp-content\/uploads\/2021\/12\/IMG_20211030_140518-1-169x300.jpg?v=1640545292 169w, https:\/\/www.belferwpodrozy.pl\/wp-content\/uploads\/2021\/12\/IMG_20211030_140518-1-768x1365.jpg?v=1640545292 768w, https:\/\/www.belferwpodrozy.pl\/wp-content\/uploads\/2021\/12\/IMG_20211030_140518-1.jpg?v=1640545292 1152w\" sizes=\"auto, (max-width: 576px) 100vw, 576px\" \/><\/p>\n<p>To chyba najbardziej ulubiona przeze mnie cz\u0119\u015b\u0107 zwiedzania. Rze\u017aby ustawiono naprzeciw siebie, po jednej stronie Cnoty takie jak: Szczodro\u015b\u0107, Szczero\u015b\u0107, Sprawiedliwo\u015b\u0107 a po drugiej Wyst\u0119pki: Rozpusta, Przebieg\u0142o\u015b\u0107, Ob\u017carstwo. Wszystkich rze\u017a, \u0142\u0105cznie z otwieraj\u0105cymi galeri\u0119 jest 26. Ich wierne kopie znajdziemy na murze okalaj\u0105cym ca\u0142y kompleks pa\u0142acowo \u2013 szpitalny.<\/p>\n<p><img loading=\"lazy\" decoding=\"async\" class=\"aligncenter wp-image-1871 size-large\" src=\"http:\/\/www.belferwpodrozy.pl\/wp-content\/uploads\/2021\/12\/IMG_20211030_130249-768x1024.jpg\" alt=\"\" width=\"768\" height=\"1024\" srcset=\"https:\/\/www.belferwpodrozy.pl\/wp-content\/uploads\/2021\/12\/IMG_20211030_130249-768x1024.jpg?v=1640545410 768w, https:\/\/www.belferwpodrozy.pl\/wp-content\/uploads\/2021\/12\/IMG_20211030_130249-225x300.jpg?v=1640545410 225w, https:\/\/www.belferwpodrozy.pl\/wp-content\/uploads\/2021\/12\/IMG_20211030_130249.jpg?v=1640545410 1536w\" sizes=\"auto, (max-width: 768px) 100vw, 768px\" \/><\/p>\n<h4><span class=\"ez-toc-section\" id=\"Dziedziniec_i_ogrod\"><\/span>Dziedziniec i ogr\u00f3d<span class=\"ez-toc-section-end\"><\/span><\/h4>\n<p>Na koniec zwiedzania warto zostawi\u0107 sobie otaczaj\u0105cy kompleks ogr\u00f3d, kt\u00f3ry w czasach Bonifatr\u00f3w pe\u0142ni\u0142 funkcj\u0119 ogrodu zio\u0142owego. To tu bracia uprawiali swoje przyprawy, kt\u00f3re nast\u0119pnie wykorzystywali w leczeniu chorych i uzupe\u0142niali apteczne pojemniki.<\/p>\n<p><img loading=\"lazy\" decoding=\"async\" class=\"aligncenter wp-image-1853 size-large\" src=\"http:\/\/www.belferwpodrozy.pl\/wp-content\/uploads\/2021\/12\/IMG_20211030_150356-576x1024.jpg\" alt=\"\" width=\"576\" height=\"1024\" srcset=\"https:\/\/www.belferwpodrozy.pl\/wp-content\/uploads\/2021\/12\/IMG_20211030_150356-576x1024.jpg?v=1640545193 576w, https:\/\/www.belferwpodrozy.pl\/wp-content\/uploads\/2021\/12\/IMG_20211030_150356-169x300.jpg?v=1640545193 169w, https:\/\/www.belferwpodrozy.pl\/wp-content\/uploads\/2021\/12\/IMG_20211030_150356-768x1365.jpg?v=1640545193 768w, https:\/\/www.belferwpodrozy.pl\/wp-content\/uploads\/2021\/12\/IMG_20211030_150356.jpg?v=1640545193 1152w\" sizes=\"auto, (max-width: 576px) 100vw, 576px\" \/><br \/>\nNiezwykle wymowny jest r\u00f3wnie\u017c odrestaurowany zegar s\u0142oneczny, znajduj\u0105cy si\u0119 nad wej\u015bciem z dziedzi\u0144ca. Umieszczone nad nim has\u0142o przypomina o kolejach losu.<\/p>\n<p>\u201eCzuwajcie uwa\u017cnie, bo nie znacie godziny, kiedy Pan przyjdzie\u201d<\/p>\n","protected":false},"excerpt":{"rendered":"<p>Gdyby kto\u015b mi kiedy\u015b powiedzia\u0142, \u017ce b\u0119d\u0119 zwiedza\u0107 szpital, nie uwierzy\u0142abym w to. No chyba, \u017ce by\u0142a by to jaka\u015b urbexowa wyprawa. Jednak jest jeden szpital, kt\u00f3ry je\u015bli jeszcze nie widzieli\u015bcie, to zdecydowanie polecam. Kuks- po\u0142o\u017cenie Kuks to niewielka miejscowo\u015b\u0107 po\u0142o\u017cona w Czechach w powiecie Trutnowskim, zaledwie 35 km od polsko \u2013 czeskiej granicy. Wioska [&hellip;]<\/p>\n","protected":false},"author":2,"featured_media":1858,"comment_status":"open","ping_status":"open","sticky":false,"template":"","format":"standard","meta":{"footnotes":""},"categories":[14,8,61,3],"tags":[],"class_list":["post-1846","post","type-post","status-publish","format-standard","has-post-thumbnail","category-architektura","category-ciekawe-miejsca","category-czechy","category-europa","czr-hentry"],"_links":{"self":[{"href":"https:\/\/www.belferwpodrozy.pl\/index.php\/wp-json\/wp\/v2\/posts\/1846","targetHints":{"allow":["GET"]}}],"collection":[{"href":"https:\/\/www.belferwpodrozy.pl\/index.php\/wp-json\/wp\/v2\/posts"}],"about":[{"href":"https:\/\/www.belferwpodrozy.pl\/index.php\/wp-json\/wp\/v2\/types\/post"}],"author":[{"embeddable":true,"href":"https:\/\/www.belferwpodrozy.pl\/index.php\/wp-json\/wp\/v2\/users\/2"}],"replies":[{"embeddable":true,"href":"https:\/\/www.belferwpodrozy.pl\/index.php\/wp-json\/wp\/v2\/comments?post=1846"}],"version-history":[{"count":3,"href":"https:\/\/www.belferwpodrozy.pl\/index.php\/wp-json\/wp\/v2\/posts\/1846\/revisions"}],"predecessor-version":[{"id":1875,"href":"https:\/\/www.belferwpodrozy.pl\/index.php\/wp-json\/wp\/v2\/posts\/1846\/revisions\/1875"}],"wp:featuredmedia":[{"embeddable":true,"href":"https:\/\/www.belferwpodrozy.pl\/index.php\/wp-json\/wp\/v2\/media\/1858"}],"wp:attachment":[{"href":"https:\/\/www.belferwpodrozy.pl\/index.php\/wp-json\/wp\/v2\/media?parent=1846"}],"wp:term":[{"taxonomy":"category","embeddable":true,"href":"https:\/\/www.belferwpodrozy.pl\/index.php\/wp-json\/wp\/v2\/categories?post=1846"},{"taxonomy":"post_tag","embeddable":true,"href":"https:\/\/www.belferwpodrozy.pl\/index.php\/wp-json\/wp\/v2\/tags?post=1846"}],"curies":[{"name":"wp","href":"https:\/\/api.w.org\/{rel}","templated":true}]}}