{"id":2205,"date":"2023-02-12T13:20:28","date_gmt":"2023-02-12T12:20:28","guid":{"rendered":"http:\/\/www.belferwpodrozy.pl\/?p=2205"},"modified":"2023-02-12T13:20:28","modified_gmt":"2023-02-12T12:20:28","slug":"katania-co-warto-zobaczyc-czego-sprobowac-czyli-weekend-w-sycylijskim-miescie","status":"publish","type":"post","link":"https:\/\/www.belferwpodrozy.pl\/index.php\/2023\/02\/12\/katania-co-warto-zobaczyc-czego-sprobowac-czyli-weekend-w-sycylijskim-miescie\/","title":{"rendered":"Katania &#8211; co warto zobaczy\u0107, czego spr\u00f3bowa\u0107 &#8211; czyli weekend w sycylijskim mie\u015bcie."},"content":{"rendered":"<div id=\"ez-toc-container\" class=\"ez-toc-v2_0_86 counter-hierarchy ez-toc-counter ez-toc-grey ez-toc-container-direction\">\n<p class=\"ez-toc-title\" style=\"cursor:inherit\">Spis tre\u015bci<\/p>\n<label for=\"ez-toc-cssicon-toggle-item-6a97a9935b7f9\" class=\"ez-toc-cssicon-toggle-label\"><span class=\"\"><span class=\"eztoc-hide\" style=\"display:none;\">Toggle<\/span><span class=\"ez-toc-icon-toggle-span\"><svg style=\"fill: #999;color:#999\" xmlns=\"http:\/\/www.w3.org\/2000\/svg\" class=\"list-377408\" width=\"20px\" height=\"20px\" viewBox=\"0 0 24 24\" fill=\"none\"><path d=\"M6 6H4v2h2V6zm14 0H8v2h12V6zM4 11h2v2H4v-2zm16 0H8v2h12v-2zM4 16h2v2H4v-2zm16 0H8v2h12v-2z\" fill=\"currentColor\"><\/path><\/svg><svg style=\"fill: #999;color:#999\" class=\"arrow-unsorted-368013\" xmlns=\"http:\/\/www.w3.org\/2000\/svg\" width=\"10px\" height=\"10px\" viewBox=\"0 0 24 24\" version=\"1.2\" baseProfile=\"tiny\"><path d=\"M18.2 9.3l-6.2-6.3-6.2 6.3c-.2.2-.3.4-.3.7s.1.5.3.7c.2.2.4.3.7.3h11c.3 0 .5-.1.7-.3.2-.2.3-.5.3-.7s-.1-.5-.3-.7zM5.8 14.7l6.2 6.3 6.2-6.3c.2-.2.3-.5.3-.7s-.1-.5-.3-.7c-.2-.2-.4-.3-.7-.3h-11c-.3 0-.5.1-.7.3-.2.2-.3.5-.3.7s.1.5.3.7z\"\/><\/svg><\/span><\/span><\/label><input type=\"checkbox\"  id=\"ez-toc-cssicon-toggle-item-6a97a9935b7f9\"  aria-label=\"Prze\u0142\u0105cznik\" \/><nav><ul class='ez-toc-list ez-toc-list-level-1 ' ><li class='ez-toc-page-1 ez-toc-heading-level-4'><a class=\"ez-toc-link ez-toc-heading-1\" href=\"https:\/\/www.belferwpodrozy.pl\/index.php\/2023\/02\/12\/katania-co-warto-zobaczyc-czego-sprobowac-czyli-weekend-w-sycylijskim-miescie\/#Kilka_slow_o_Katanii\" >Kilka s\u0142\u00f3w o Katanii.<\/a><\/li><li class='ez-toc-page-1 ez-toc-heading-level-4'><a class=\"ez-toc-link ez-toc-heading-2\" href=\"https:\/\/www.belferwpodrozy.pl\/index.php\/2023\/02\/12\/katania-co-warto-zobaczyc-czego-sprobowac-czyli-weekend-w-sycylijskim-miescie\/#Z_lotniska_do_centrum\" >Z lotniska do centrum.<\/a><\/li><li class='ez-toc-page-1 ez-toc-heading-level-4'><a class=\"ez-toc-link ez-toc-heading-3\" href=\"https:\/\/www.belferwpodrozy.pl\/index.php\/2023\/02\/12\/katania-co-warto-zobaczyc-czego-sprobowac-czyli-weekend-w-sycylijskim-miescie\/#Gdzie_spac_w_Katanii\" >Gdzie spa\u0107 w Katanii?<\/a><\/li><li class='ez-toc-page-1 ez-toc-heading-level-4'><a class=\"ez-toc-link ez-toc-heading-4\" href=\"https:\/\/www.belferwpodrozy.pl\/index.php\/2023\/02\/12\/katania-co-warto-zobaczyc-czego-sprobowac-czyli-weekend-w-sycylijskim-miescie\/#Co_warto_zobaczyc_w_KATANII\" >Co warto zobaczy\u0107 w KATANII?<\/a><\/li><li class='ez-toc-page-1 ez-toc-heading-level-4'><a class=\"ez-toc-link ez-toc-heading-5\" href=\"https:\/\/www.belferwpodrozy.pl\/index.php\/2023\/02\/12\/katania-co-warto-zobaczyc-czego-sprobowac-czyli-weekend-w-sycylijskim-miescie\/#1Piazza_del_Duomo\" >1.Piazza del Duomo<\/a><\/li><li class='ez-toc-page-1 ez-toc-heading-level-4'><a class=\"ez-toc-link ez-toc-heading-6\" href=\"https:\/\/www.belferwpodrozy.pl\/index.php\/2023\/02\/12\/katania-co-warto-zobaczyc-czego-sprobowac-czyli-weekend-w-sycylijskim-miescie\/#Katedra_swietej_Agaty\" >Katedra \u015bwi\u0119tej Agaty<\/a><\/li><li class='ez-toc-page-1 ez-toc-heading-level-4'><a class=\"ez-toc-link ez-toc-heading-7\" href=\"https:\/\/www.belferwpodrozy.pl\/index.php\/2023\/02\/12\/katania-co-warto-zobaczyc-czego-sprobowac-czyli-weekend-w-sycylijskim-miescie\/#Kosciol_swietej_Agaty\" >Ko\u015bci\u00f3\u0142 \u015bwi\u0119tej Agaty<\/a><\/li><li class='ez-toc-page-1 ez-toc-heading-level-4'><a class=\"ez-toc-link ez-toc-heading-8\" href=\"https:\/\/www.belferwpodrozy.pl\/index.php\/2023\/02\/12\/katania-co-warto-zobaczyc-czego-sprobowac-czyli-weekend-w-sycylijskim-miescie\/#Fontanna_dellElefante\" >Fontanna dell`Elefante<\/a><\/li><li class='ez-toc-page-1 ez-toc-heading-level-4'><a class=\"ez-toc-link ez-toc-heading-9\" href=\"https:\/\/www.belferwpodrozy.pl\/index.php\/2023\/02\/12\/katania-co-warto-zobaczyc-czego-sprobowac-czyli-weekend-w-sycylijskim-miescie\/#Puerta_Uzeda\" >Puerta Uzeda<\/a><\/li><li class='ez-toc-page-1 ez-toc-heading-level-4'><a class=\"ez-toc-link ez-toc-heading-10\" href=\"https:\/\/www.belferwpodrozy.pl\/index.php\/2023\/02\/12\/katania-co-warto-zobaczyc-czego-sprobowac-czyli-weekend-w-sycylijskim-miescie\/#targ_rybny\" >targ rybny<\/a><\/li><li class='ez-toc-page-1 ez-toc-heading-level-4'><a class=\"ez-toc-link ez-toc-heading-11\" href=\"https:\/\/www.belferwpodrozy.pl\/index.php\/2023\/02\/12\/katania-co-warto-zobaczyc-czego-sprobowac-czyli-weekend-w-sycylijskim-miescie\/#2_Via_Etnea\" >2. Via Etnea<\/a><\/li><li class='ez-toc-page-1 ez-toc-heading-level-4'><a class=\"ez-toc-link ez-toc-heading-12\" href=\"https:\/\/www.belferwpodrozy.pl\/index.php\/2023\/02\/12\/katania-co-warto-zobaczyc-czego-sprobowac-czyli-weekend-w-sycylijskim-miescie\/#Piazza_Universiteta\" >Piazza Universiteta<\/a><\/li><li class='ez-toc-page-1 ez-toc-heading-level-4'><a class=\"ez-toc-link ez-toc-heading-13\" href=\"https:\/\/www.belferwpodrozy.pl\/index.php\/2023\/02\/12\/katania-co-warto-zobaczyc-czego-sprobowac-czyli-weekend-w-sycylijskim-miescie\/#Basilica_della_Collegiata\" >Basilica della Collegiata<\/a><\/li><li class='ez-toc-page-1 ez-toc-heading-level-4'><a class=\"ez-toc-link ez-toc-heading-14\" href=\"https:\/\/www.belferwpodrozy.pl\/index.php\/2023\/02\/12\/katania-co-warto-zobaczyc-czego-sprobowac-czyli-weekend-w-sycylijskim-miescie\/#Piazza_Stesciro_i_Teatr_Rzymski\" >Piazza Stesciro\u00a0 i Teatr Rzymski<\/a><\/li><li class='ez-toc-page-1 ez-toc-heading-level-4'><a class=\"ez-toc-link ez-toc-heading-15\" href=\"https:\/\/www.belferwpodrozy.pl\/index.php\/2023\/02\/12\/katania-co-warto-zobaczyc-czego-sprobowac-czyli-weekend-w-sycylijskim-miescie\/#Park_Villa_Bellini\" >Park Villa Bellini<\/a><\/li><li class='ez-toc-page-1 ez-toc-heading-level-4'><a class=\"ez-toc-link ez-toc-heading-16\" href=\"https:\/\/www.belferwpodrozy.pl\/index.php\/2023\/02\/12\/katania-co-warto-zobaczyc-czego-sprobowac-czyli-weekend-w-sycylijskim-miescie\/#Ogrod_Botaniczny\" >Ogr\u00f3d Botaniczny<\/a><\/li><li class='ez-toc-page-1 ez-toc-heading-level-4'><a class=\"ez-toc-link ez-toc-heading-17\" href=\"https:\/\/www.belferwpodrozy.pl\/index.php\/2023\/02\/12\/katania-co-warto-zobaczyc-czego-sprobowac-czyli-weekend-w-sycylijskim-miescie\/#3_Klasztor_Benedyktynow\" >3. Klasztor Benedyktyn\u00f3w\u00a0<\/a><\/li><li class='ez-toc-page-1 ez-toc-heading-level-4'><a class=\"ez-toc-link ez-toc-heading-18\" href=\"https:\/\/www.belferwpodrozy.pl\/index.php\/2023\/02\/12\/katania-co-warto-zobaczyc-czego-sprobowac-czyli-weekend-w-sycylijskim-miescie\/#4_Castello_Ursino\" >4. Castello Ursino\u00a0<\/a><\/li><li class='ez-toc-page-1 ez-toc-heading-level-4'><a class=\"ez-toc-link ez-toc-heading-19\" href=\"https:\/\/www.belferwpodrozy.pl\/index.php\/2023\/02\/12\/katania-co-warto-zobaczyc-czego-sprobowac-czyli-weekend-w-sycylijskim-miescie\/#Co_sprobowac_w_Katanii\" >Co spr\u00f3bowa\u0107 w Katanii?<\/a><\/li><\/ul><\/nav><\/div>\n<p>Katania to drugie, zaraz po Palermo, miasto Sycylii i jedno z najwi\u0119kszych w\u0142oskich miast. Zaskakuje pod wieloma wzgl\u0119dami, zar\u00f3wno pozytywnie, jaki i negatywnie&#8230; Co warto zobaczy\u0107 w mie\u015bcie, na co zwr\u00f3ci\u0107 uwag\u0119, gdzie skosztowa\u0107 sycylijskich smak\u00f3w?<\/p>\n<div id=\"attachment_2242\" style=\"width: 471px\" class=\"wp-caption aligncenter\"><img loading=\"lazy\" decoding=\"async\" aria-describedby=\"caption-attachment-2242\" class=\"wp-image-2242 size-large\" src=\"http:\/\/www.belferwpodrozy.pl\/wp-content\/uploads\/2023\/02\/IMG_20230106_140403-461x1024.jpg\" alt=\"\" width=\"461\" height=\"1024\" srcset=\"https:\/\/www.belferwpodrozy.pl\/wp-content\/uploads\/2023\/02\/IMG_20230106_140403-461x1024.jpg?v=1676202067 461w, https:\/\/www.belferwpodrozy.pl\/wp-content\/uploads\/2023\/02\/IMG_20230106_140403-135x300.jpg?v=1676202067 135w, https:\/\/www.belferwpodrozy.pl\/wp-content\/uploads\/2023\/02\/IMG_20230106_140403-768x1706.jpg?v=1676202067 768w, https:\/\/www.belferwpodrozy.pl\/wp-content\/uploads\/2023\/02\/IMG_20230106_140403.jpg?v=1676202067 922w\" sizes=\"auto, (max-width: 461px) 100vw, 461px\" \/><p id=\"caption-attachment-2242\" class=\"wp-caption-text\">Ko\u015bci\u00f3\u0142 \u015bwi\u0119tej Agaty<\/p><\/div>\n<h4><span class=\"ez-toc-section\" id=\"Kilka_slow_o_Katanii\"><\/span><span style=\"color: #0000ff;\"><strong>Kilka s\u0142\u00f3w o Katanii.<\/strong><\/span><span class=\"ez-toc-section-end\"><\/span><\/h4>\n<p>Do tego w\u0142oskiego miasta, po\u0142o\u017conego na Sycylii, nad Morzem Jo\u0144skim dostaniemy si\u0119 z Polski samolotem w oko\u0142o 2,5 godziny. Loty odbywaj\u0105 si\u0119 tu regularnie, przez ca\u0142y rok. Osobi\u015bcie polecam Wam wyb\u00f3r tej destynacji poza sezonem letnim ze wzgl\u0119du na mniejsze, ale nie ma\u0142e, ob\u0142o\u017cenie turystyczne.<\/p>\n<h4><span class=\"ez-toc-section\" id=\"Z_lotniska_do_centrum\"><\/span><span style=\"color: #0000ff;\"><strong>Z lotniska do centrum<\/strong>.<\/span><span class=\"ez-toc-section-end\"><\/span><\/h4>\n<p>Jak wydosta\u0107 si\u0119 z lotniska i dosta\u0107 si\u0119 do centrum? Tradycyjnie macie kilka opcji do wyboru. Czekaj\u0105 na Was autobus, poci\u0105g, taks\u00f3wka lub pieszy spacer. Nie zauwa\u017cy\u0142am, by tak jak w Pisie, dost\u0119pne tu by\u0142y hulajnogi.<\/p>\n<ul>\n<li>poci\u0105g lub autobus (Alibus) &#8211; na transfer tymi \u015brodkami natrafisz tu\u017c przy wyj\u015bciu z terminala. Korzystaj\u0105c z autobusu nie musisz martwi\u0107 si\u0119 o bilet, zakupisz go bezpo\u015brednio u kierowcy. Pami\u0119taj jednak by mie\u0107 przy sobie drobniejsze kwoty ( orientacyjna cena to oko\u0142o 5 euro). Bilet na poci\u0105g zakupisz w automatach.<\/li>\n<li>pieszo &#8211; ze wzgl\u0119du na dobre po\u0142o\u017cenie lotniska, do centrum bez problemu dojdziesz pieszo. Trasa w okolice Piazza Duomo to oko\u0142o 5 km i zajmie Ci\u00a0blisko godzin\u0119.<\/li>\n<\/ul>\n<h4><span class=\"ez-toc-section\" id=\"Gdzie_spac_w_Katanii\"><\/span><span style=\"color: #0000ff;\">Gdzie spa\u0107 w Katanii?<\/span><span class=\"ez-toc-section-end\"><\/span><\/h4>\n<p>Baza noclegowa w Katanii jest spora i r\u00f3\u017cnorodna, bez problemu znajdziesz standard, kt\u00f3ry Ci\u0119 interesuje. Decyduj\u0105c si\u0119 na nocleg w okolicach centrum, nale\u017cy wzi\u0105\u0107 pod uwag\u0119 to, \u017ce miasto \u017cycie rozpoczyna wieczorow\u0105 por\u0105 i cz\u0119sto ko\u0144czy nad \u015bwitem. Dlatego osoby maj\u0105ce lekki sen powinny zaopatrzy\u0107 si\u0119 w stopery do uszu.<\/p>\n<div id=\"attachment_2244\" style=\"width: 471px\" class=\"wp-caption aligncenter\"><img loading=\"lazy\" decoding=\"async\" aria-describedby=\"caption-attachment-2244\" class=\"wp-image-2244 size-large\" src=\"http:\/\/www.belferwpodrozy.pl\/wp-content\/uploads\/2023\/02\/IMG_20230105_211047-461x1024.jpg\" alt=\"\" width=\"461\" height=\"1024\" srcset=\"https:\/\/www.belferwpodrozy.pl\/wp-content\/uploads\/2023\/02\/IMG_20230105_211047-461x1024.jpg?v=1676202202 461w, https:\/\/www.belferwpodrozy.pl\/wp-content\/uploads\/2023\/02\/IMG_20230105_211047-135x300.jpg?v=1676202202 135w, https:\/\/www.belferwpodrozy.pl\/wp-content\/uploads\/2023\/02\/IMG_20230105_211047-768x1706.jpg?v=1676202202 768w, https:\/\/www.belferwpodrozy.pl\/wp-content\/uploads\/2023\/02\/IMG_20230105_211047.jpg?v=1676202202 922w\" sizes=\"auto, (max-width: 461px) 100vw, 461px\" \/><p id=\"caption-attachment-2244\" class=\"wp-caption-text\">Sikelia- sicilian rooms &#8211; \u015bwietna lokalizacja dost\u0119pna na booking<\/p><\/div>\n<p>&nbsp;<\/p>\n<h4><span class=\"ez-toc-section\" id=\"Co_warto_zobaczyc_w_KATANII\"><\/span><span style=\"color: #0000ff;\">Co warto zobaczy\u0107 w KATANII?<\/span><span class=\"ez-toc-section-end\"><\/span><\/h4>\n<h4><span class=\"ez-toc-section\" id=\"1Piazza_del_Duomo\"><\/span><span style=\"color: #0000ff;\">1.Piazza del Duomo<\/span><span class=\"ez-toc-section-end\"><\/span><\/h4>\n<ul>\n<li>\n<h4><span class=\"ez-toc-section\" id=\"Katedra_swietej_Agaty\"><\/span><span style=\"color: #0000ff;\">Katedra \u015bwi\u0119tej Agaty<\/span><span class=\"ez-toc-section-end\"><\/span><\/h4>\n<\/li>\n<li>\n<h4><span class=\"ez-toc-section\" id=\"Kosciol_swietej_Agaty\"><\/span><span style=\"color: #0000ff;\">Ko\u015bci\u00f3\u0142 \u015bwi\u0119tej Agaty<\/span><span class=\"ez-toc-section-end\"><\/span><\/h4>\n<\/li>\n<li>\n<h4><span class=\"ez-toc-section\" id=\"Fontanna_dellElefante\"><\/span><span style=\"color: #0000ff;\">Fontanna dell`Elefante<\/span><span class=\"ez-toc-section-end\"><\/span><\/h4>\n<\/li>\n<li>\n<h4><span class=\"ez-toc-section\" id=\"Puerta_Uzeda\"><\/span><span style=\"color: #0000ff;\">Puerta Uzeda<\/span><span class=\"ez-toc-section-end\"><\/span><\/h4>\n<\/li>\n<li>\n<h4><span class=\"ez-toc-section\" id=\"targ_rybny\"><\/span>targ rybny<span class=\"ez-toc-section-end\"><\/span><\/h4>\n<\/li>\n<\/ul>\n<p>Wi\u0119kszo\u015b\u0107 turyst\u00f3w swoje pierwsze kroki kieruje w stron\u0119 centrum, czyli na Piazza dell Duomo. I nie przez przypadek albowiem tutaj znajduje si\u0119 a\u017c pi\u0119\u0107 atrakcji! Sam plac swoj\u0105 histori\u0105 si\u0119ga a\u017c XI\u00a0 wieku. Niestety w 1693 roku zosta\u0142 totalnie zniszczony przez trz\u0119sienie ziemi, jakie nawiedzi\u0142o te rejony. Kolka lat p\u00f3\u017aniej sycylijski architekt &#8211; Battista Vaccarini podj\u0105\u0142 si\u0119 odbudowy tego miejsca.<\/p>\n<div id=\"attachment_2236\" style=\"width: 471px\" class=\"wp-caption aligncenter\"><img loading=\"lazy\" decoding=\"async\" aria-describedby=\"caption-attachment-2236\" class=\"wp-image-2236 size-large\" src=\"http:\/\/www.belferwpodrozy.pl\/wp-content\/uploads\/2023\/02\/IMG_20230106_110901-461x1024.jpg\" alt=\"\" width=\"461\" height=\"1024\" srcset=\"https:\/\/www.belferwpodrozy.pl\/wp-content\/uploads\/2023\/02\/IMG_20230106_110901-461x1024.jpg?v=1676201741 461w, https:\/\/www.belferwpodrozy.pl\/wp-content\/uploads\/2023\/02\/IMG_20230106_110901-135x300.jpg?v=1676201741 135w, https:\/\/www.belferwpodrozy.pl\/wp-content\/uploads\/2023\/02\/IMG_20230106_110901-768x1706.jpg?v=1676201741 768w, https:\/\/www.belferwpodrozy.pl\/wp-content\/uploads\/2023\/02\/IMG_20230106_110901.jpg?v=1676201741 922w\" sizes=\"auto, (max-width: 461px) 100vw, 461px\" \/><p id=\"caption-attachment-2236\" class=\"wp-caption-text\">Fontanna dell`Elefante<\/p><\/div>\n<p>Na samym \u015brodku placu warto zatrzyma\u0107 si\u0119 i przyjrze\u0107 do\u015b\u0107 dziwnej kolumnie. To <strong>fontanna dell`Elefante<\/strong> a\u00a0 znajduj\u0105cy si\u0119 na niej s\u0142o\u0144 to symbol miasta. Dodatkowo wykuty w skale wulkanicznej idealnie nawi\u0105zuje do pobliskiego, najwi\u0119kszego i najbardziej aktywnego wulkanu w Europie &#8211; Etny. Sama kolumna zwie\u0144czona zosta\u0142a kul\u0105 ziemsk\u0105 na kt\u00f3rej ustawiony zosta\u0142 krzy\u017c. Wspomniany wcze\u015bniej s\u0142o\u0144 skierowany jest w stron\u0119 najwi\u0119kszej atrakcji Katanii, <strong>Katedry \u015bw. Agaty<\/strong>, kt\u00f3ra swoj\u0105 histori\u0105 si\u0119ga a\u017c do XI wieku.<\/p>\n<div id=\"attachment_2221\" style=\"width: 471px\" class=\"wp-caption aligncenter\"><img loading=\"lazy\" decoding=\"async\" aria-describedby=\"caption-attachment-2221\" class=\"wp-image-2221 size-large\" src=\"http:\/\/www.belferwpodrozy.pl\/wp-content\/uploads\/2023\/02\/IMG_20230106_140454-461x1024.jpg\" alt=\"\" width=\"461\" height=\"1024\" srcset=\"https:\/\/www.belferwpodrozy.pl\/wp-content\/uploads\/2023\/02\/IMG_20230106_140454-461x1024.jpg?v=1676201707 461w, https:\/\/www.belferwpodrozy.pl\/wp-content\/uploads\/2023\/02\/IMG_20230106_140454-135x300.jpg?v=1676201707 135w, https:\/\/www.belferwpodrozy.pl\/wp-content\/uploads\/2023\/02\/IMG_20230106_140454-768x1706.jpg?v=1676201707 768w, https:\/\/www.belferwpodrozy.pl\/wp-content\/uploads\/2023\/02\/IMG_20230106_140454.jpg?v=1676201707 922w\" sizes=\"auto, (max-width: 461px) 100vw, 461px\" \/><p id=\"caption-attachment-2221\" class=\"wp-caption-text\">Katedra \u015bwi\u0119tej Agaty<\/p><\/div>\n<p>Zosta\u0142a wzniesiona przez potomk\u00f3w skandynawskich Wiking\u00f3w na miejscu rzymskich term Achillesa. Po trz\u0119sieniu ziemi w XVII wieku odbudowano j\u0105 w stylu barokowym, z domieszk\u0105 sycylijskich wp\u0142yw\u00f3w.\u00a0 Zagl\u0105daj\u0105c do wn\u0119trza Katedry warto zwr\u00f3ci\u0107 uwag\u0119 na <strong>ambon\u0119\u00a0<\/strong>wykonan\u0105 z zastyg\u0142ej lawy oraz na nagrobek <strong>, <\/strong>kompozytora muzyki kameralnej i sakralnej. Mi\u0142o\u015bnikom sztuki sakralnej polecam po\u015bwi\u0119ci\u0107 d\u0142u\u017csz\u0105 chwil\u0119 na katedr\u0119, bo jest tu sporo do zobaczenia: kaplica \u015b. Agaty z relikwiami, fresk przedstawiaj\u0105cy erupcj\u0119 Etny, sarkofagi i grobowce w\u0142adc\u00f3w, urz\u0119duj\u0105cych w Katanii i oczywi\u015bcie liczne kaplice, ka\u017cda prezentuj\u0105ca okre\u015blon\u0105 histori\u0119 i artyst\u0119.<\/p>\n<div id=\"attachment_2235\" style=\"width: 471px\" class=\"wp-caption aligncenter\"><img loading=\"lazy\" decoding=\"async\" aria-describedby=\"caption-attachment-2235\" class=\"wp-image-2235 size-large\" src=\"http:\/\/www.belferwpodrozy.pl\/wp-content\/uploads\/2023\/02\/IMG_20230106_111731-461x1024.jpg\" alt=\"\" width=\"461\" height=\"1024\" srcset=\"https:\/\/www.belferwpodrozy.pl\/wp-content\/uploads\/2023\/02\/IMG_20230106_111731-461x1024.jpg?v=1676201738 461w, https:\/\/www.belferwpodrozy.pl\/wp-content\/uploads\/2023\/02\/IMG_20230106_111731-135x300.jpg?v=1676201738 135w, https:\/\/www.belferwpodrozy.pl\/wp-content\/uploads\/2023\/02\/IMG_20230106_111731-768x1706.jpg?v=1676201738 768w, https:\/\/www.belferwpodrozy.pl\/wp-content\/uploads\/2023\/02\/IMG_20230106_111731.jpg?v=1676201738 922w\" sizes=\"auto, (max-width: 461px) 100vw, 461px\" \/><p id=\"caption-attachment-2235\" class=\"wp-caption-text\">Wn\u0119trze katedry i gr\u00f3b Vincenzo Belliniego<\/p><\/div>\n<p>Nieopodal Katedry \u015bw. Agaty znajduje si\u0119 &#8230;\u00a0<strong>Ko\u015bci\u00f3\u0142 \u015bw. Agaty.\u00a0<\/strong>jego wn\u0119trze nie jest ju\u017c tak powalaj\u0105ce ale warto wspi\u0105\u0107 si\u0119 na ko\u015bcieln\u0105 wie\u017c\u0119\u00a0\u00a0( bilet 5 euro) by podziwia\u0107 miasto z g\u00f3ry.<\/p>\n<div id=\"attachment_2232\" style=\"width: 471px\" class=\"wp-caption aligncenter\"><img loading=\"lazy\" decoding=\"async\" aria-describedby=\"caption-attachment-2232\" class=\"wp-image-2232 size-large\" src=\"http:\/\/www.belferwpodrozy.pl\/wp-content\/uploads\/2023\/02\/IMG_20230106_113611-461x1024.jpg\" alt=\"\" width=\"461\" height=\"1024\" srcset=\"https:\/\/www.belferwpodrozy.pl\/wp-content\/uploads\/2023\/02\/IMG_20230106_113611-461x1024.jpg?v=1676201732 461w, https:\/\/www.belferwpodrozy.pl\/wp-content\/uploads\/2023\/02\/IMG_20230106_113611-135x300.jpg?v=1676201732 135w, https:\/\/www.belferwpodrozy.pl\/wp-content\/uploads\/2023\/02\/IMG_20230106_113611-768x1706.jpg?v=1676201732 768w, https:\/\/www.belferwpodrozy.pl\/wp-content\/uploads\/2023\/02\/IMG_20230106_113611.jpg?v=1676201732 922w\" sizes=\"auto, (max-width: 461px) 100vw, 461px\" \/><p id=\"caption-attachment-2232\" class=\"wp-caption-text\">Widok z Ko\u015bcio\u0142a \u015bw. Agaty<\/p><\/div>\n<p>Z drugiej strony katedry umiejscowiona jest brama &#8211; <strong>Puerta Uzeda<\/strong><strong>, <\/strong>stanowi\u0105ca jedno z wej\u015b\u0107 na g\u0142\u00f3wny plac miasta. Bram\u0119 otwarto w 1696 roku, po wielkiej odbudowie miasta i nadan\u0105 jej nazw\u0119 na cze\u015b\u0107 hiszpa\u0144skiego kr\u00f3la Giovanniego Franceso Paceco, ksi\u0119cia Uzedy, kt\u00f3ry sprawowa\u0142 w\u0142adz\u0119 nad Sycyli\u0105 od 1687 do 1696 roku.<\/p>\n<div id=\"attachment_2245\" style=\"width: 471px\" class=\"wp-caption aligncenter\"><img loading=\"lazy\" decoding=\"async\" aria-describedby=\"caption-attachment-2245\" class=\"wp-image-2245 size-large\" src=\"http:\/\/www.belferwpodrozy.pl\/wp-content\/uploads\/2023\/02\/IMG_20230106_140938-461x1024.jpg\" alt=\"\" width=\"461\" height=\"1024\" srcset=\"https:\/\/www.belferwpodrozy.pl\/wp-content\/uploads\/2023\/02\/IMG_20230106_140938-461x1024.jpg?v=1676202663 461w, https:\/\/www.belferwpodrozy.pl\/wp-content\/uploads\/2023\/02\/IMG_20230106_140938-135x300.jpg?v=1676202663 135w, https:\/\/www.belferwpodrozy.pl\/wp-content\/uploads\/2023\/02\/IMG_20230106_140938-768x1706.jpg?v=1676202663 768w, https:\/\/www.belferwpodrozy.pl\/wp-content\/uploads\/2023\/02\/IMG_20230106_140938.jpg?v=1676202663 922w\" sizes=\"auto, (max-width: 461px) 100vw, 461px\" \/><p id=\"caption-attachment-2245\" class=\"wp-caption-text\">Puerta Uzeda<\/p><\/div>\n<p>&nbsp;<\/p>\n<p>Wychodz\u0105c z Piazza Duomo, przez wspomnian\u0105 bram\u0119, dotrzemy na s\u0142ynny w Katanii\u00a0<strong>targ rybny.\u00a0<\/strong>To miejsce, w kt\u00f3rym do\u015bwiadczamy smaku i zapachu Sycylii. Targ funkcjonuje od poniedzia\u0142ku do soboty, od godziny 8.00 do 12.00. Nazwa tego miejsca sugeruje nam, \u017ce zakupimy tu wszelkiego rodzaju produkty jakie daje woda &#8211; ryby, owoce morza, ale miejsce to obfituje w du\u017cy wyb\u00f3r warzyw, owoc\u00f3w, oliwek, przypraw, mi\u0119s, ser\u00f3w. Po godzinie 12 okolice targowiska zamieniaj\u0105 si\u0119 w uliczny street food, otwieraj\u0105 si\u0119 te\u017c restauracje oferuj\u0105ce dania z ryb i owoc\u00f3w morza. Na ogromnych grilach czy patelniach na bie\u017c\u0105co przygotowywane s\u0105 potrawy w cenie &#8230; no w\u0142a\u015bnie. Zazwyczaj nie znajdziecie tu cennika. Z prostego powodu, turysta zawsze zap\u0142aci wi\u0119cej ni\u017c miejscowy. Dlatego jeszcze przed zakupem zapytajcie o cen\u0119, bo mo\u017cecie si\u0119 niemi\u0142o zaskoczy\u0107.<\/p>\n<div id=\"attachment_2237\" style=\"width: 471px\" class=\"wp-caption aligncenter\"><img loading=\"lazy\" decoding=\"async\" aria-describedby=\"caption-attachment-2237\" class=\"wp-image-2237 size-large\" src=\"http:\/\/www.belferwpodrozy.pl\/wp-content\/uploads\/2023\/02\/IMG_20230106_105504-461x1024.jpg\" alt=\"\" width=\"461\" height=\"1024\" srcset=\"https:\/\/www.belferwpodrozy.pl\/wp-content\/uploads\/2023\/02\/IMG_20230106_105504-461x1024.jpg?v=1676201742 461w, https:\/\/www.belferwpodrozy.pl\/wp-content\/uploads\/2023\/02\/IMG_20230106_105504-135x300.jpg?v=1676201742 135w, https:\/\/www.belferwpodrozy.pl\/wp-content\/uploads\/2023\/02\/IMG_20230106_105504-768x1706.jpg?v=1676201742 768w, https:\/\/www.belferwpodrozy.pl\/wp-content\/uploads\/2023\/02\/IMG_20230106_105504.jpg?v=1676201742 922w\" sizes=\"auto, (max-width: 461px) 100vw, 461px\" \/><p id=\"caption-attachment-2237\" class=\"wp-caption-text\">Targ rybny<\/p><\/div>\n<h4><span class=\"ez-toc-section\" id=\"2_Via_Etnea\"><\/span><span style=\"color: #0000ff;\"><strong>2. Via Etnea<\/strong><\/span><span class=\"ez-toc-section-end\"><\/span><\/h4>\n<p>Wychodz\u0105c z placu Piazza Duomo, chc\u0105\u0107 zobaczy\u0107 kolejne zabytki, nale\u017cy skierowa\u0107 si\u0119 na g\u0142\u00f3wn\u0105 ulic\u0119 Katanii, rozci\u0105gni\u0119t\u0105 w kierunku Etny na 2.8 kilometra. Ta g\u0142\u00f3wna ulica miasta do pewnego momentu funkcjonuje jako deptak. Spotkacie tu liczne sklepy, butki, kawiarnie, restauracje, puby, pizzerie ale i zabytki\u00a0rozlokowane praktycznie na wi\u0119kszej jej cz\u0119\u015bci. Na co szczeg\u00f3lnie zwr\u00f3ci\u0107 uwag\u0119?<\/p>\n<ul>\n<li>\n<h4><span class=\"ez-toc-section\" id=\"Piazza_Universiteta\"><\/span><span style=\"color: #0000ff;\"><strong>Piazza Universiteta<\/strong><\/span><span class=\"ez-toc-section-end\"><\/span><\/h4>\n<div id=\"attachment_2230\" style=\"width: 471px\" class=\"wp-caption aligncenter\"><img loading=\"lazy\" decoding=\"async\" aria-describedby=\"caption-attachment-2230\" class=\"wp-image-2230 size-large\" src=\"http:\/\/www.belferwpodrozy.pl\/wp-content\/uploads\/2023\/02\/IMG_20230106_115027-461x1024.jpg\" alt=\"\" width=\"461\" height=\"1024\" srcset=\"https:\/\/www.belferwpodrozy.pl\/wp-content\/uploads\/2023\/02\/IMG_20230106_115027-461x1024.jpg?v=1676201727 461w, https:\/\/www.belferwpodrozy.pl\/wp-content\/uploads\/2023\/02\/IMG_20230106_115027-135x300.jpg?v=1676201727 135w, https:\/\/www.belferwpodrozy.pl\/wp-content\/uploads\/2023\/02\/IMG_20230106_115027-768x1706.jpg?v=1676201727 768w, https:\/\/www.belferwpodrozy.pl\/wp-content\/uploads\/2023\/02\/IMG_20230106_115027.jpg?v=1676201727 922w\" sizes=\"auto, (max-width: 461px) 100vw, 461px\" \/><p id=\"caption-attachment-2230\" class=\"wp-caption-text\">Piazza Universiteta<\/p><\/div>\n<h4><\/h4>\n<h4><\/h4>\n<p>&#8211; swoj\u0105 nazw\u0119 zawdzi\u0119cza za\u0142o\u017conemu pod koniec XVII wieku uniwersytetowi. Ten rozleg\u0142y plac pozbawiony jest kawiarenek i sklepik\u00f3w, dzi\u0119ki czemu spokojnie mo\u017cna przegl\u0105dn\u0105\u0107 si\u0119 dobrze zachowanym budynkom. W jednym z nich (budynek Uniwersytetu, du\u017ce szare drzwi) znajduje si\u0119 przepi\u0119kna mozaika. Warto r\u00f3wnie\u017c zwr\u00f3ci\u0107 uwag\u0119 na to po czym st\u0105pamy &#8211; to kamie\u0144 lawowy oraz cztery latarnie,\u00a0 znajduj\u0105ce si\u0119 na rogach placu,\u00a0kt\u00f3rych trzony nawi\u0105zuj\u0105 do legendarnych postaci miasta<\/li>\n<li>\n<h4><span class=\"ez-toc-section\" id=\"Basilica_della_Collegiata\"><\/span><span style=\"color: #0000ff;\"><strong>Basilica della Collegiata<\/strong><\/span><span class=\"ez-toc-section-end\"><\/span><\/h4>\n<div id=\"attachment_2231\" style=\"width: 471px\" class=\"wp-caption aligncenter\"><img loading=\"lazy\" decoding=\"async\" aria-describedby=\"caption-attachment-2231\" class=\"wp-image-2231 size-large\" src=\"http:\/\/www.belferwpodrozy.pl\/wp-content\/uploads\/2023\/02\/IMG_20230106_115732-461x1024.jpg\" alt=\"\" width=\"461\" height=\"1024\" srcset=\"https:\/\/www.belferwpodrozy.pl\/wp-content\/uploads\/2023\/02\/IMG_20230106_115732-461x1024.jpg?v=1676201730 461w, https:\/\/www.belferwpodrozy.pl\/wp-content\/uploads\/2023\/02\/IMG_20230106_115732-135x300.jpg?v=1676201730 135w, https:\/\/www.belferwpodrozy.pl\/wp-content\/uploads\/2023\/02\/IMG_20230106_115732-768x1706.jpg?v=1676201730 768w, https:\/\/www.belferwpodrozy.pl\/wp-content\/uploads\/2023\/02\/IMG_20230106_115732.jpg?v=1676201730 922w\" sizes=\"auto, (max-width: 461px) 100vw, 461px\" \/><p id=\"caption-attachment-2231\" class=\"wp-caption-text\">Basilica della Collegiata<\/p><\/div>\n<p>&#8211; Je\u015bli chcecie zobaczy\u0107 jak wygl\u0105da barok sycylijski to w\u0142a\u015bnie ta katedra jest tego idealnym przyk\u0142adem. jak go rozpozna\u0107? Zwr\u00f3\u0107cie uwag\u0119 na bogactwo krzywizn, ornament\u00f3w, masek i u\u015bmiechni\u0119tych anio\u0142k\u00f3w (putta). Oczywi\u015bcie elementy te wzbogaci\u0142y katedr\u0119 dopiero na prze\u0142omie XVII\/XVIII wieku, chocia\u017c pierwotna bry\u0142a pami\u0119ta czasy wczesnego \u015bredniowiecza.<\/li>\n<li>\n<h4><span class=\"ez-toc-section\" id=\"Piazza_Stesciro_i_Teatr_Rzymski\"><\/span><span style=\"color: #0000ff;\"><strong>Piazza Stesciro\u00a0 i Teatr Rzymski<\/strong><\/span><span class=\"ez-toc-section-end\"><\/span><\/h4>\n<div id=\"attachment_2228\" style=\"width: 471px\" class=\"wp-caption aligncenter\"><img loading=\"lazy\" decoding=\"async\" aria-describedby=\"caption-attachment-2228\" class=\"wp-image-2228 size-large\" src=\"http:\/\/www.belferwpodrozy.pl\/wp-content\/uploads\/2023\/02\/IMG_20230106_120837-461x1024.jpg\" alt=\"\" width=\"461\" height=\"1024\" srcset=\"https:\/\/www.belferwpodrozy.pl\/wp-content\/uploads\/2023\/02\/IMG_20230106_120837-461x1024.jpg?v=1676201723 461w, https:\/\/www.belferwpodrozy.pl\/wp-content\/uploads\/2023\/02\/IMG_20230106_120837-135x300.jpg?v=1676201723 135w, https:\/\/www.belferwpodrozy.pl\/wp-content\/uploads\/2023\/02\/IMG_20230106_120837-768x1706.jpg?v=1676201723 768w, https:\/\/www.belferwpodrozy.pl\/wp-content\/uploads\/2023\/02\/IMG_20230106_120837.jpg?v=1676201723 922w\" sizes=\"auto, (max-width: 461px) 100vw, 461px\" \/><p id=\"caption-attachment-2228\" class=\"wp-caption-text\">Pomnik Vincenzo Belliniego<\/p><\/div>\n<p>&#8211;\u00a0 to kolejny du\u017cy plac, cz\u0119sto bardzo zat\u0142oczony, przy kt\u00f3rym dzia\u0142a ju\u017c ruch samochodowy. Warto na nim zwr\u00f3ci\u0107 uwag\u0119 na dwa elementy. Z jednej strony umiejscowiono pomnik wybitnego kompozytora\u00a0Vincenzo\u00a0Belliniego otoczonego czterema postaciami, a z drugiej znajduj\u0105 si\u0119\u00a0ruiny rzymskiego amfiteatru datowanego na drugi wiek. Amfiteatr stanowi centraln\u0105 cz\u0119\u015b\u0107\u00a0placu, wok\u00f3\u0142, kt\u00f3rego odbywa si\u0119 ruch samochodowy. W zwi\u0105zku z tym obej\u015bcie go jest do\u015b\u0107 niekomfortowe. Natomiast sam amfiteatr, kt\u00f3ry po\u0142o\u017cony jest oko\u0142o 10 metr\u00f3w poni\u017cej poziomu ulicy, z zachowanymi oko\u0142o 30 rz\u0119dami kamiennych siedzisk\u00a0mo\u017cna zwiedza\u0107.<\/p>\n<p><div id=\"attachment_2229\" style=\"width: 471px\" class=\"wp-caption aligncenter\"><img loading=\"lazy\" decoding=\"async\" aria-describedby=\"caption-attachment-2229\" class=\"wp-image-2229 size-large\" src=\"http:\/\/www.belferwpodrozy.pl\/wp-content\/uploads\/2023\/02\/IMG_20230106_122413-461x1024.jpg\" alt=\"\" width=\"461\" height=\"1024\" srcset=\"https:\/\/www.belferwpodrozy.pl\/wp-content\/uploads\/2023\/02\/IMG_20230106_122413-461x1024.jpg?v=1676201725 461w, https:\/\/www.belferwpodrozy.pl\/wp-content\/uploads\/2023\/02\/IMG_20230106_122413-135x300.jpg?v=1676201725 135w, https:\/\/www.belferwpodrozy.pl\/wp-content\/uploads\/2023\/02\/IMG_20230106_122413-768x1706.jpg?v=1676201725 768w, https:\/\/www.belferwpodrozy.pl\/wp-content\/uploads\/2023\/02\/IMG_20230106_122413.jpg?v=1676201725 922w\" sizes=\"auto, (max-width: 461px) 100vw, 461px\" \/><p id=\"caption-attachment-2229\" class=\"wp-caption-text\">Teatr Rzymski<\/p><\/div><\/li>\n<li>\n<h4><span class=\"ez-toc-section\" id=\"Park_Villa_Bellini\"><\/span><span style=\"color: #0000ff;\"><strong>Park Villa Bellini<\/strong><\/span><span class=\"ez-toc-section-end\"><\/span><\/h4>\n<div id=\"attachment_2227\" style=\"width: 471px\" class=\"wp-caption aligncenter\"><img loading=\"lazy\" decoding=\"async\" aria-describedby=\"caption-attachment-2227\" class=\"wp-image-2227 size-large\" src=\"http:\/\/www.belferwpodrozy.pl\/wp-content\/uploads\/2023\/02\/IMG_20230106_124228-461x1024.jpg\" alt=\"\" width=\"461\" height=\"1024\" srcset=\"https:\/\/www.belferwpodrozy.pl\/wp-content\/uploads\/2023\/02\/IMG_20230106_124228-461x1024.jpg?v=1676201721 461w, https:\/\/www.belferwpodrozy.pl\/wp-content\/uploads\/2023\/02\/IMG_20230106_124228-135x300.jpg?v=1676201721 135w, https:\/\/www.belferwpodrozy.pl\/wp-content\/uploads\/2023\/02\/IMG_20230106_124228-768x1706.jpg?v=1676201721 768w, https:\/\/www.belferwpodrozy.pl\/wp-content\/uploads\/2023\/02\/IMG_20230106_124228.jpg?v=1676201721 922w\" sizes=\"auto, (max-width: 461px) 100vw, 461px\" \/><p id=\"caption-attachment-2227\" class=\"wp-caption-text\">Park Villa Bellini<\/p><\/div>\n<p>&#8211; pod koniec w\u0119dr\u00f3wki po Via Etnea warto zatrzyma\u0107 si\u0119 na kr\u00f3tki odpoczynek przy parku Villa Bellini. Miejsce to uznawane jest za zielone p\u0142uca miasta. Park jest najstarsz\u0105 zielon\u0105 cz\u0119\u015bci\u0105 miasta\u00a0albowiem jego powstanie datuj\u0119 si\u0119 na lata 50 XIX\u00a0 wieku. Jest te\u017c jeszcze jeden walor tego miejsca &#8211; na przeciwko znajduje si\u0119 Pasticceria Savia, miejsce gdzie zakupicie najlepsze s\u0142odkie i wytrawne przek\u0105ski.<\/li>\n<li>\n<h4><span class=\"ez-toc-section\" id=\"Ogrod_Botaniczny\"><\/span><span style=\"color: #0000ff;\"><strong>Ogr\u00f3d Botaniczny<\/strong><\/span><span class=\"ez-toc-section-end\"><\/span><\/h4>\n<div id=\"attachment_2222\" style=\"width: 471px\" class=\"wp-caption aligncenter\"><img loading=\"lazy\" decoding=\"async\" aria-describedby=\"caption-attachment-2222\" class=\"wp-image-2222 size-large\" src=\"http:\/\/www.belferwpodrozy.pl\/wp-content\/uploads\/2023\/02\/IMG_20230106_132839-461x1024.jpg\" alt=\"\" width=\"461\" height=\"1024\" srcset=\"https:\/\/www.belferwpodrozy.pl\/wp-content\/uploads\/2023\/02\/IMG_20230106_132839-461x1024.jpg?v=1676201710 461w, https:\/\/www.belferwpodrozy.pl\/wp-content\/uploads\/2023\/02\/IMG_20230106_132839-135x300.jpg?v=1676201710 135w, https:\/\/www.belferwpodrozy.pl\/wp-content\/uploads\/2023\/02\/IMG_20230106_132839-768x1706.jpg?v=1676201710 768w, https:\/\/www.belferwpodrozy.pl\/wp-content\/uploads\/2023\/02\/IMG_20230106_132839.jpg?v=1676201710 922w\" sizes=\"auto, (max-width: 461px) 100vw, 461px\" \/><p id=\"caption-attachment-2222\" class=\"wp-caption-text\">Ogr\u00f3d Botaniczny<\/p><\/div>\n<p>&#8211; ostatnim punktem jaki polecam tej ulicy jest Ogr\u00f3d Botaniczny, nale\u017c\u0105cy do miejscowego Uniwersytetu, chocia\u017cby z tego wzgl\u0119du, \u017ce za\u0142o\u017cycielem by\u0142 profesor i dziekan katedry botaniki Francesco Tornabene. Ogr\u00f3d, za\u0142o\u017cony w 1858, zajmuje obecnie obszar oko\u0142o 16 000 metr\u00f3w kwadratowych.\u00a0 Sk\u0142ada si\u0119 z dw\u00f3ch g\u0142\u00f3wnych cz\u0119\u015bci, pierwsza to ro\u015bliny egzotyczne a druga dedykowana zosta\u0142a\u00a0sycylijskiej faunie i florze. Mi\u0142o\u015bnicy natury sp\u0119dz\u0105 tu zapewne d\u0142u\u017csz\u0105 chwil\u0119. Warto nadmieni\u0107, i\u017c obiekt\u00a0\u00a0dost\u0119pny jest bezp\u0142atnie.\u00a0 Teoretycznie powinien by\u0107 otwarty przez ca\u0142y dzie\u0144, ale podczas mojego pobytu zauwa\u017cy\u0142am informacj\u0119 o tak zwanej potocznie &#8222;sje\u015bcie&#8221;, podczas to kt\u00f3rej ogr\u00f3d jest zamykany. Warto zatem sprawdzi\u0107 jego godziny otwarcia.<\/li>\n<\/ul>\n<h4><span class=\"ez-toc-section\" id=\"3_Klasztor_Benedyktynow\"><\/span><span style=\"color: #0000ff;\"><strong>3. Klasztor Benedyktyn\u00f3w\u00a0<\/strong><\/span><span class=\"ez-toc-section-end\"><\/span><\/h4>\n<p>Pierwotnie w miejscu gdzie stoi dzisiejszy klasztor znajdowa\u0142 si\u0119 grecki akropol. Jednak liczne trz\u0119sienia ziemi i erupcje Etny doprowadzi\u0142y do zniszczenia dotychczasowego obiektu. Dopiero pod koniec XVI wieku podj\u0119to decyzj\u0119 o budowie klasztoru a wiek p\u00f3\u017aniej dostawiono obok Ko\u015bci\u00f3\u0142 \u015bw. Miko\u0142aja. Dzi\u015b oba obiekty udost\u0119pnione s\u0105 dla zwiedzaj\u0105cych, z tym \u017ce ko\u015bci\u00f3\u0142 jest atrakcj\u0105 darmow\u0105 a zwiedzanie Klasztoru odbywa si\u0119 tylko z przewodnikiem. Niestety zwiedzanie po angielsku jest ograniczone bo odbywa si\u0119 tylko raz dziennie.<\/p>\n<div id=\"attachment_2239\" style=\"width: 471px\" class=\"wp-caption aligncenter\"><img loading=\"lazy\" decoding=\"async\" aria-describedby=\"caption-attachment-2239\" class=\"wp-image-2239 size-large\" src=\"http:\/\/www.belferwpodrozy.pl\/wp-content\/uploads\/2023\/02\/IMG_20230106_095107-461x1024.jpg\" alt=\"\" width=\"461\" height=\"1024\" srcset=\"https:\/\/www.belferwpodrozy.pl\/wp-content\/uploads\/2023\/02\/IMG_20230106_095107-461x1024.jpg?v=1676201748 461w, https:\/\/www.belferwpodrozy.pl\/wp-content\/uploads\/2023\/02\/IMG_20230106_095107-135x300.jpg?v=1676201748 135w, https:\/\/www.belferwpodrozy.pl\/wp-content\/uploads\/2023\/02\/IMG_20230106_095107-768x1706.jpg?v=1676201748 768w, https:\/\/www.belferwpodrozy.pl\/wp-content\/uploads\/2023\/02\/IMG_20230106_095107.jpg?v=1676201748 922w\" sizes=\"auto, (max-width: 461px) 100vw, 461px\" \/><p id=\"caption-attachment-2239\" class=\"wp-caption-text\">Klasztor Benedyktyn\u00f3w<\/p><\/div>\n<p>Co mo\u017cecie zobaczy\u0107 za darmo?<\/p>\n<ul>\n<li>zdobienia Klasztoru (obecnie swoj\u0105 siedzib\u0119 ma tutaj Uniwersytet ). To przede wszystkim g\u0142owy przypominaj\u0105ce demony, maszkarony, przera\u017cone dzieci czy senne potwory. Nijak to si\u0119 ma do sycylijskiego baroku ale robi wra\u017cenie.<\/li>\n<li>pozosta\u0142o\u015bci starej rzymskiej drogi tu\u017c przed wej\u015bciem do klasztoru<\/li>\n<li>zastyg\u0142\u0105 law\u0119 na ty\u0142ach budynku, a przez okienka zajrze\u0107 do fragmentu rzymskiego domu jaki znajduje si\u0119 w piwnicach<\/li>\n<\/ul>\n<h4><span class=\"ez-toc-section\" id=\"4_Castello_Ursino\"><\/span><strong><span style=\"color: #0000ff;\">4. Castello Ursino<\/span>\u00a0<\/strong><span class=\"ez-toc-section-end\"><\/span><\/h4>\n<div id=\"attachment_2220\" style=\"width: 471px\" class=\"wp-caption aligncenter\"><img loading=\"lazy\" decoding=\"async\" aria-describedby=\"caption-attachment-2220\" class=\"wp-image-2220 size-large\" src=\"http:\/\/www.belferwpodrozy.pl\/wp-content\/uploads\/2023\/02\/IMG_20230106_142806-461x1024.jpg\" alt=\"\" width=\"461\" height=\"1024\" srcset=\"https:\/\/www.belferwpodrozy.pl\/wp-content\/uploads\/2023\/02\/IMG_20230106_142806-461x1024.jpg?v=1676201705 461w, https:\/\/www.belferwpodrozy.pl\/wp-content\/uploads\/2023\/02\/IMG_20230106_142806-135x300.jpg?v=1676201705 135w, https:\/\/www.belferwpodrozy.pl\/wp-content\/uploads\/2023\/02\/IMG_20230106_142806-768x1706.jpg?v=1676201705 768w, https:\/\/www.belferwpodrozy.pl\/wp-content\/uploads\/2023\/02\/IMG_20230106_142806.jpg?v=1676201705 922w\" sizes=\"auto, (max-width: 461px) 100vw, 461px\" \/><p id=\"caption-attachment-2220\" class=\"wp-caption-text\">Castello Ursino<\/p><\/div>\n<p>&#8211; najwi\u0119ksza atrakcja Katanii, tak twierdzi wi\u0119kszo\u015b\u0107 przewodnik\u00f3w. Fakt jego po\u0142o\u017cenie w centrum miasta jest zadziwiaj\u0105ce. Ale przejd\u017amy do najwa\u017cniejszych fakt\u00f3w.<\/p>\n<ul>\n<li>Zamek budowano oko\u0142o 11 lat w XIII wieku.<\/li>\n<li>Pierwotnie sta\u0142 na klifie blisko Morza Jo\u0144skiego, jednak w wyniku dzia\u0142alno\u015bci Etny\u00a0 i licznych trz\u0119sie\u0144 ziemi przesun\u0105\u0142 si\u0119 oko\u0142o kilometra w g\u0142\u0105b l\u0105du.<\/li>\n<li>By\u0142 siedzib\u0105 sycylijskiego parlamentu po tzw. nieszporach sycylijskich, czyli buncie przeciwko francuskim rz\u0105dom na wyspie ( XIII wiek)<\/li>\n<li>S\u0142u\u017cy\u0142 r\u00f3wnie\u017c jako wi\u0119zienie<\/li>\n<li>Jako jedyny obiekt w Katanii przetrwa\u0142 silne trz\u0119sienie ziemi w 1693 roku, wychodz\u0105c z niego bez szwanku.<\/li>\n<\/ul>\n<p>Dzi\u015b Zamek Ursino to przede wszystkim miejsce licznych wystaw, tych sta\u0142ych i tych czasowych. Zwiedza si\u0119 go samodzielnie a wst\u0119p to koszt w granicach 6 Euro.<\/p>\n<h4><span class=\"ez-toc-section\" id=\"Co_sprobowac_w_Katanii\"><\/span><span style=\"color: #0000ff;\">Co spr\u00f3bowa\u0107 w Katanii?<\/span><span class=\"ez-toc-section-end\"><\/span><\/h4>\n<div id=\"attachment_2224\" style=\"width: 145px\" class=\"wp-caption alignleft\"><img loading=\"lazy\" decoding=\"async\" aria-describedby=\"caption-attachment-2224\" class=\"wp-image-2224 size-medium\" src=\"http:\/\/www.belferwpodrozy.pl\/wp-content\/uploads\/2023\/02\/IMG_20230106_130410-135x300.jpg\" alt=\"\" width=\"135\" height=\"300\" srcset=\"https:\/\/www.belferwpodrozy.pl\/wp-content\/uploads\/2023\/02\/IMG_20230106_130410-135x300.jpg?v=1676201714 135w, https:\/\/www.belferwpodrozy.pl\/wp-content\/uploads\/2023\/02\/IMG_20230106_130410-768x1706.jpg?v=1676201714 768w, https:\/\/www.belferwpodrozy.pl\/wp-content\/uploads\/2023\/02\/IMG_20230106_130410-461x1024.jpg?v=1676201714 461w, https:\/\/www.belferwpodrozy.pl\/wp-content\/uploads\/2023\/02\/IMG_20230106_130410.jpg?v=1676201714 922w\" sizes=\"auto, (max-width: 135px) 100vw, 135px\" \/><p id=\"caption-attachment-2224\" class=\"wp-caption-text\">Arancini<\/p><\/div>\n<div id=\"attachment_2223\" style=\"width: 145px\" class=\"wp-caption alignleft\"><img loading=\"lazy\" decoding=\"async\" aria-describedby=\"caption-attachment-2223\" class=\"wp-image-2223 size-medium\" src=\"http:\/\/www.belferwpodrozy.pl\/wp-content\/uploads\/2023\/02\/IMG_20230106_130433-135x300.jpg\" alt=\"\" width=\"135\" height=\"300\" srcset=\"https:\/\/www.belferwpodrozy.pl\/wp-content\/uploads\/2023\/02\/IMG_20230106_130433-135x300.jpg?v=1676201712 135w, https:\/\/www.belferwpodrozy.pl\/wp-content\/uploads\/2023\/02\/IMG_20230106_130433-768x1706.jpg?v=1676201712 768w, https:\/\/www.belferwpodrozy.pl\/wp-content\/uploads\/2023\/02\/IMG_20230106_130433-461x1024.jpg?v=1676201712 461w, https:\/\/www.belferwpodrozy.pl\/wp-content\/uploads\/2023\/02\/IMG_20230106_130433.jpg?v=1676201712 922w\" sizes=\"auto, (max-width: 135px) 100vw, 135px\" \/><p id=\"caption-attachment-2223\" class=\"wp-caption-text\">Cannolo<\/p><\/div>\n<div id=\"attachment_2225\" style=\"width: 145px\" class=\"wp-caption alignright\"><img loading=\"lazy\" decoding=\"async\" aria-describedby=\"caption-attachment-2225\" class=\"wp-image-2225 size-medium\" src=\"http:\/\/www.belferwpodrozy.pl\/wp-content\/uploads\/2023\/02\/IMG_20230106_125605-135x300.jpg\" alt=\"\" width=\"135\" height=\"300\" srcset=\"https:\/\/www.belferwpodrozy.pl\/wp-content\/uploads\/2023\/02\/IMG_20230106_125605-135x300.jpg?v=1676201716 135w, https:\/\/www.belferwpodrozy.pl\/wp-content\/uploads\/2023\/02\/IMG_20230106_125605-768x1706.jpg?v=1676201716 768w, https:\/\/www.belferwpodrozy.pl\/wp-content\/uploads\/2023\/02\/IMG_20230106_125605-461x1024.jpg?v=1676201716 461w, https:\/\/www.belferwpodrozy.pl\/wp-content\/uploads\/2023\/02\/IMG_20230106_125605.jpg?v=1676201716 922w\" sizes=\"auto, (max-width: 135px) 100vw, 135px\" \/><p id=\"caption-attachment-2225\" class=\"wp-caption-text\">Carssateli<\/p><\/div>\n<p><img loading=\"lazy\" decoding=\"async\" class=\"alignright wp-image-2219 size-medium\" src=\"http:\/\/www.belferwpodrozy.pl\/wp-content\/uploads\/2023\/02\/IMG_20230106_195120-135x300.jpg\" alt=\"\" width=\"135\" height=\"300\" srcset=\"https:\/\/www.belferwpodrozy.pl\/wp-content\/uploads\/2023\/02\/IMG_20230106_195120-135x300.jpg?v=1676201702 135w, https:\/\/www.belferwpodrozy.pl\/wp-content\/uploads\/2023\/02\/IMG_20230106_195120-768x1706.jpg?v=1676201702 768w, https:\/\/www.belferwpodrozy.pl\/wp-content\/uploads\/2023\/02\/IMG_20230106_195120-461x1024.jpg?v=1676201702 461w, https:\/\/www.belferwpodrozy.pl\/wp-content\/uploads\/2023\/02\/IMG_20230106_195120.jpg?v=1676201702 922w\" sizes=\"auto, (max-width: 135px) 100vw, 135px\" \/><\/p>\n<ol>\n<li>Arancini &#8211; panierowane i sma\u017cone kuleczki ry\u017cowe z r\u00f3\u017cnym nadzieniem<\/li>\n<li>Cannolo &#8211; sma\u017cone ciasto wype\u0142nione kremowym nadzieniem najcz\u0119\u015bciej z ricotty, z pistacjow\u0105 posypk\u0105<\/li>\n<li>Carssateli &#8211; czyli cycki Agaty! To biszkoptowe ciastka nas\u0105czone likierem, wype\u0142nione ricott\u0105, kawa\u0142kami czekolady i owocami kandyzowanymi. Dodatkowo oblane lukrem i wyko\u0144czone kandyzowan\u0105 wi\u015bni\u0105.<\/li>\n<li>Pene con la milza &#8211; s\u0142ynna sycylisjka kanapka z \u015bledzion\u0105 i p\u0142ucem ciel\u0119cym. Tylko dla odwa\u017cnych!<\/li>\n<li>W\u0142oska kuchnia &#8211; b\u0119d\u0105c we W\u0142oszech nie spos\u00f3b nie spr\u00f3bowa\u0107 w\u0142oskich potraw s\u0142yn\u0105cych ze \u015bwiezosci i prostoty. Kr\u00f3luj\u0105 wi\u0119c pizze o wszelkiego rodzaju makarony. W Katanii szczeg\u00f3lnie polecam lokal t\u0142umnie odwiedzany przez autochton\u00f3w &#8211; Trattoria del Cavaliere.<\/li>\n<li>O aperolku nie wspomn\u0119 \ud83d\ude42<\/li>\n<\/ol>\n<p><img loading=\"lazy\" decoding=\"async\" class=\"aligncenter wp-image-2246 size-large\" src=\"http:\/\/www.belferwpodrozy.pl\/wp-content\/uploads\/2023\/02\/IMG_20230105_220907-461x1024.jpg\" alt=\"\" width=\"461\" height=\"1024\" srcset=\"https:\/\/www.belferwpodrozy.pl\/wp-content\/uploads\/2023\/02\/IMG_20230105_220907-461x1024.jpg?v=1676204149 461w, https:\/\/www.belferwpodrozy.pl\/wp-content\/uploads\/2023\/02\/IMG_20230105_220907-135x300.jpg?v=1676204149 135w, https:\/\/www.belferwpodrozy.pl\/wp-content\/uploads\/2023\/02\/IMG_20230105_220907-768x1706.jpg?v=1676204149 768w, https:\/\/www.belferwpodrozy.pl\/wp-content\/uploads\/2023\/02\/IMG_20230105_220907.jpg?v=1676204149 922w\" sizes=\"auto, (max-width: 461px) 100vw, 461px\" \/><\/p>\n","protected":false},"excerpt":{"rendered":"<p>Katania to drugie, zaraz po Palermo, miasto Sycylii i jedno z najwi\u0119kszych w\u0142oskich miast. Zaskakuje pod wieloma wzgl\u0119dami, zar\u00f3wno pozytywnie, jaki i negatywnie&#8230; Co warto zobaczy\u0107 w mie\u015bcie, na co zwr\u00f3ci\u0107 uwag\u0119, gdzie skosztowa\u0107 sycylijskich smak\u00f3w? Kilka s\u0142\u00f3w o Katanii. Do tego w\u0142oskiego miasta, po\u0142o\u017conego na Sycylii, nad Morzem Jo\u0144skim dostaniemy si\u0119 z Polski samolotem [&hellip;]<\/p>\n","protected":false},"author":2,"featured_media":2234,"comment_status":"open","ping_status":"open","sticky":false,"template":"","format":"standard","meta":{"footnotes":""},"categories":[14,8,11,3,66,65],"tags":[],"class_list":["post-2205","post","type-post","status-publish","format-standard","has-post-thumbnail","category-architektura","category-ciekawe-miejsca","category-cos-na-zab-kulinaria","category-europa","category-sycylia","category-wlochy","czr-hentry"],"_links":{"self":[{"href":"https:\/\/www.belferwpodrozy.pl\/index.php\/wp-json\/wp\/v2\/posts\/2205","targetHints":{"allow":["GET"]}}],"collection":[{"href":"https:\/\/www.belferwpodrozy.pl\/index.php\/wp-json\/wp\/v2\/posts"}],"about":[{"href":"https:\/\/www.belferwpodrozy.pl\/index.php\/wp-json\/wp\/v2\/types\/post"}],"author":[{"embeddable":true,"href":"https:\/\/www.belferwpodrozy.pl\/index.php\/wp-json\/wp\/v2\/users\/2"}],"replies":[{"embeddable":true,"href":"https:\/\/www.belferwpodrozy.pl\/index.php\/wp-json\/wp\/v2\/comments?post=2205"}],"version-history":[{"count":9,"href":"https:\/\/www.belferwpodrozy.pl\/index.php\/wp-json\/wp\/v2\/posts\/2205\/revisions"}],"predecessor-version":[{"id":2247,"href":"https:\/\/www.belferwpodrozy.pl\/index.php\/wp-json\/wp\/v2\/posts\/2205\/revisions\/2247"}],"wp:featuredmedia":[{"embeddable":true,"href":"https:\/\/www.belferwpodrozy.pl\/index.php\/wp-json\/wp\/v2\/media\/2234"}],"wp:attachment":[{"href":"https:\/\/www.belferwpodrozy.pl\/index.php\/wp-json\/wp\/v2\/media?parent=2205"}],"wp:term":[{"taxonomy":"category","embeddable":true,"href":"https:\/\/www.belferwpodrozy.pl\/index.php\/wp-json\/wp\/v2\/categories?post=2205"},{"taxonomy":"post_tag","embeddable":true,"href":"https:\/\/www.belferwpodrozy.pl\/index.php\/wp-json\/wp\/v2\/tags?post=2205"}],"curies":[{"name":"wp","href":"https:\/\/api.w.org\/{rel}","templated":true}]}}