{"id":2631,"date":"2024-09-01T17:23:00","date_gmt":"2024-09-01T15:23:00","guid":{"rendered":"http:\/\/www.belferwpodrozy.pl\/?p=2631"},"modified":"2024-09-01T17:23:00","modified_gmt":"2024-09-01T15:23:00","slug":"wyprawa-do-pakistanu-czyli-co-warto-wiedziec-przed-wyjazdem","status":"publish","type":"post","link":"https:\/\/www.belferwpodrozy.pl\/index.php\/2024\/09\/01\/wyprawa-do-pakistanu-czyli-co-warto-wiedziec-przed-wyjazdem\/","title":{"rendered":"Wyprawa do Pakistanu, czyli co warto wiedzie\u0107 przed wyjazdem."},"content":{"rendered":"<div>W sierpniu 2024 roku mia\u0142am okazj\u0119 odwiedzi\u0107 Pakistan, a dok\u0142adnie jego p\u00f3\u0142nocn\u0105 cz\u0119\u015b\u0107. Jak to si\u0119 sta\u0142o, \u017ce tam trafi\u0142am? W sumie to przypadkowo, albowiem ten kierunek nie widzia\u0142 na mojej podr\u00f3\u017cniczej li\u015bcie. Wszystko zmieni\u0142o si\u0119 w momencie, gdy moja instagramowa znajoma Voyagerka przeprowadzi\u0142a si\u0119 w tamte rejony i rozpocz\u0119\u0142a organizacj\u0119 wypraw. Wtedy to, a by\u0142 to rok 2023, po raz pierwszy zakie\u0142kowa\u0142a my\u015bl w mojej g\u0142owie: a mo\u017ce by tak odwiedzi\u0107 ten cz\u0119\u015b\u0107 \u015bwiata?\u00a0 A jak jest my\u015bl, to czas j\u0105 wprowadzi\u0107 w \u017cycie.<\/div>\n<div><\/div>\n<div>\n<div id=\"attachment_2655\" style=\"width: 1034px\" class=\"wp-caption aligncenter\"><img loading=\"lazy\" decoding=\"async\" aria-describedby=\"caption-attachment-2655\" class=\"wp-image-2655 size-large\" src=\"http:\/\/www.belferwpodrozy.pl\/wp-content\/uploads\/2024\/09\/IMG_20240808_065702-1024x461.jpg\" alt=\"\" width=\"1024\" height=\"461\" srcset=\"https:\/\/www.belferwpodrozy.pl\/wp-content\/uploads\/2024\/09\/IMG_20240808_065702-1024x461.jpg?v=1725201577 1024w, https:\/\/www.belferwpodrozy.pl\/wp-content\/uploads\/2024\/09\/IMG_20240808_065702-300x135.jpg?v=1725201577 300w, https:\/\/www.belferwpodrozy.pl\/wp-content\/uploads\/2024\/09\/IMG_20240808_065702-768x346.jpg?v=1725201577 768w, https:\/\/www.belferwpodrozy.pl\/wp-content\/uploads\/2024\/09\/IMG_20240808_065702.jpg?v=1725201577 2048w\" sizes=\"auto, (max-width: 1024px) 100vw, 1024px\" \/><p id=\"caption-attachment-2655\" class=\"wp-caption-text\">Miejscowo\u015b\u0107 Chilas i rzeka Indus.<\/p><\/div>\n<\/div>\n<div>Formalno\u015bci &#8211; niezb\u0119dna dokumentacja.<\/div>\n<div><\/div>\n<div>By wjecha\u0107 do Pakistanu potrzebujesz oczywi\u015bcie paszportu i zaproszenia. I tu uwaga! Ten wym\u00f3g by\u0142 jeszcze obowi\u0105zuj\u0105cy w pierwszej po\u0142owie roku 2024, ale warto \u015bledzi\u0107 komunikaty, albowiem docelowo b\u0119dzie mo\u017cna podr\u00f3\u017cowa\u0107 bez zaproszenia. Opr\u00f3cz tego musisz wyrobi\u0107 wiz\u0119, od sierpnia 2024 nie pobierana jest za ni\u0105 op\u0142ata, a wiza ETA przyznawana jest na 90 dni przed wyjazdem do Pakistanu, ale wa\u017cna jest 30 dni. Mowa oczywi\u015bcie o wizie turystycznej.<\/div>\n<div>Wiz\u0119 wype\u0142niamy w specjalnej aplikacji do\u0142\u0105czamy do niej zdj\u0119cie, kt\u00f3re mo\u017ce by\u0107 zwyk\u0142ym selfiakiem. Uzbr\u00f3jcie si\u0119 przy tym w cierpliwo\u015b\u0107, albowiem mo\u017ce by\u0107 potrzebne wykonywane kilku zdj\u0119\u0107, a\u017c system kt\u00f3re\u015b z nich zaakceptuje. Po wype\u0142nieniu wizy ETA nale\u017cy j\u0105 wydrukowa\u0107 i zabra\u0107 ze sob\u0105 na lotnisko. Tu\u017c po przylocie do Pakistanu powinna by\u0107 przedrukowana na ostateczn\u0105, papierow\u0105 wersj\u0119, kt\u00f3r\u0105 dobrze jest zawsze mie\u0107 przy sobie. Ale i tu mo\u017ce czeka\u0107 na Was kolejna niespodzianka.\u00a0 Celnik poprosi o wasz telefon, zrobi zdj\u0119cie wizy, kt\u00f3r\u0105 ma na ekranie i gotowe!\u00a0 Pakista\u0144ska ekologia!<\/div>\n<div><\/div>\n<div>\n<div id=\"attachment_2657\" style=\"width: 145px\" class=\"wp-caption alignleft\"><img loading=\"lazy\" decoding=\"async\" aria-describedby=\"caption-attachment-2657\" class=\"wp-image-2657 size-medium\" src=\"http:\/\/www.belferwpodrozy.pl\/wp-content\/uploads\/2024\/09\/IMG_20240806_080950-135x300.jpg\" alt=\"\" width=\"135\" height=\"300\" srcset=\"https:\/\/www.belferwpodrozy.pl\/wp-content\/uploads\/2024\/09\/IMG_20240806_080950-135x300.jpg?v=1725201582 135w, https:\/\/www.belferwpodrozy.pl\/wp-content\/uploads\/2024\/09\/IMG_20240806_080950-768x1706.jpg?v=1725201582 768w, https:\/\/www.belferwpodrozy.pl\/wp-content\/uploads\/2024\/09\/IMG_20240806_080950-461x1024.jpg?v=1725201582 461w, https:\/\/www.belferwpodrozy.pl\/wp-content\/uploads\/2024\/09\/IMG_20240806_080950.jpg?v=1725201582 922w\" sizes=\"auto, (max-width: 135px) 100vw, 135px\" \/><p id=\"caption-attachment-2657\" class=\"wp-caption-text\">Lotnisko w Islamabadzie i s\u0142ynne kartony.<\/p><\/div>\n<p>Lot<\/p>\n<div id=\"attachment_2658\" style=\"width: 145px\" class=\"wp-caption alignright\"><img loading=\"lazy\" decoding=\"async\" aria-describedby=\"caption-attachment-2658\" class=\"wp-image-2658 size-medium\" src=\"http:\/\/www.belferwpodrozy.pl\/wp-content\/uploads\/2024\/09\/IMG_20240806_040011-135x300.jpg\" alt=\"\" width=\"135\" height=\"300\" srcset=\"https:\/\/www.belferwpodrozy.pl\/wp-content\/uploads\/2024\/09\/IMG_20240806_040011-135x300.jpg?v=1725201923 135w, https:\/\/www.belferwpodrozy.pl\/wp-content\/uploads\/2024\/09\/IMG_20240806_040011-768x1706.jpg?v=1725201923 768w, https:\/\/www.belferwpodrozy.pl\/wp-content\/uploads\/2024\/09\/IMG_20240806_040011-461x1024.jpg?v=1725201923 461w, https:\/\/www.belferwpodrozy.pl\/wp-content\/uploads\/2024\/09\/IMG_20240806_040011.jpg?v=1725201923 922w\" sizes=\"auto, (max-width: 135px) 100vw, 135px\" \/><p id=\"caption-attachment-2658\" class=\"wp-caption-text\">Lot z Dubaju do Islamabadu.<\/p><\/div>\n<\/div>\n<div><\/div>\n<div>Na obecn\u0105 chwil\u0119 nie ma bezpo\u015brednich lot\u00f3w z Polski do Islamabadu. Nale\u017cy wi\u0119c szuka\u0107 po\u0142\u0105cze\u0144 \u0142\u0105czonych, na przyk\u0142ad przez Doha lub Dubaj i przygotowa\u0107 si\u0119 na dobow\u0105 podr\u00f3\u017c. Polecam zwraca\u0107 uwag\u0119 na limit baga\u017cowy, albowiem linie tureckie maj\u0105 go stosunkowo niski &#8211; 20 kg. Je\u015bli ju\u017c zastanawiacie si\u0119 co wzi\u0105\u0107 walizk\u0119 czy plecak, to w sumie wszystko zale\u017cy od Waszej wygody i przyzwyczaje\u0144. Pakista\u0144czycy swoje baga\u017ce pakuj\u0105 w kartony i owijaj\u0105 streczem. Co do samego lotu, to musz\u0119 wspomnie\u0107 o podr\u00f3\u017cuj\u0105cych paniach w samolocie. Na trasie do samego Islamabadu kobiet jest bardzo ma\u0142o, zdecydowan\u0105 wi\u0119kszo\u015b\u0107 pasa\u017cer\u00f3w stanowi\u0105 m\u0119\u017cczy\u017ani i mo\u017cna spotka\u0107 si\u0119 z tym, \u017ce albo stewardessa przesadzi kobiety tak by siedzia\u0142y razem albo sami panowie b\u0119d\u0105 si\u0119 wymienia\u0107 miejscami, bo na przyk\u0142ad nie chc\u0105 siedzie\u0107 ko\u0142o kobiety. I jeszcze jedno lot do Islamabadu zaczyna si\u0119 od puszczanej z g\u0142o\u015bnik\u00f3w modlitwy.<\/div>\n<div><\/div>\n<div>Waluta<\/div>\n<div><\/div>\n<div>Pieni\u0105dze czyli rupie pakista\u0144skie wymienisz na lotnisko lub w ka\u017cdym kantorze w mie\u015bcie tutaj zn\u00f3w mog\u0105 za\u017c\u0105da\u0107 od ciebie paszportu oraz okazania wizy najlepiej wzi\u0105\u0107 ze sob\u0105 dolary tylko nowe i o wy\u017cszych nomina\u0142ach pozosta\u0142e maj\u0105 gorszy kurs.<\/div>\n<div><\/div>\n<div><img loading=\"lazy\" decoding=\"async\" class=\"aligncenter wp-image-2656 size-large\" src=\"http:\/\/www.belferwpodrozy.pl\/wp-content\/uploads\/2024\/09\/IMG_20240806_115143-461x1024.jpg\" alt=\"\" width=\"461\" height=\"1024\" srcset=\"https:\/\/www.belferwpodrozy.pl\/wp-content\/uploads\/2024\/09\/IMG_20240806_115143-461x1024.jpg?v=1725201580 461w, https:\/\/www.belferwpodrozy.pl\/wp-content\/uploads\/2024\/09\/IMG_20240806_115143-135x300.jpg?v=1725201580 135w, https:\/\/www.belferwpodrozy.pl\/wp-content\/uploads\/2024\/09\/IMG_20240806_115143-768x1706.jpg?v=1725201580 768w, https:\/\/www.belferwpodrozy.pl\/wp-content\/uploads\/2024\/09\/IMG_20240806_115143.jpg?v=1725201580 922w\" sizes=\"auto, (max-width: 461px) 100vw, 461px\" \/><\/div>\n<div><\/div>\n<div>Klimat<\/div>\n<div><\/div>\n<div>Jaka jest pogoda w Pakistanie? Kiedy najlepiej jest jecha\u0107?\u00a0 No c\u00f3\u017c nie ma z\u0142ej pogody w Pakistanie, jedynie mo\u017cesz by\u0107 na ni\u0105 \u017ale przygotowany\ud83e\udd23 B\u0119d\u0105c w sierpniu liczy\u0142am si\u0119 z tym, \u017ce b\u0119dzie dosy\u0107 ciep\u0142o. Wybieraj\u0105c p\u00f3\u0142nocn\u0105 cz\u0119\u015b\u0107 Pakistanu mia\u0142am te\u017c \u015bwiadomo\u015b\u0107 tego, \u017ce pomimo wszystko b\u0119dzie ch\u0142odniej ni\u017c na po\u0142udniu. Podsumowuj\u0105c, temperatura waha\u0142a si\u0119 od 30 do 38 stopni. W cz\u0119\u015bci g\u00f3rskiej by\u0142o przyjemnie ciep\u0142o, ale ju\u017c bli\u017cej po\u0142udnia w Lahore bardzo odczuwalna by\u0142a du\u017ca wilgotno\u015b\u0107. Dodatkowo od czerwca do wrze\u015bnia na terenie po\u0142udniowego zachodu trwa okres monsunowy, warto wi\u0119c rozwa\u017cy\u0107, je\u015bli ma si\u0119 tak\u0105 mo\u017cliwo\u015b\u0107, okres naszej wiosny lub jesieni.<\/div>\n<div><img loading=\"lazy\" decoding=\"async\" class=\"aligncenter wp-image-2650 size-large\" src=\"http:\/\/www.belferwpodrozy.pl\/wp-content\/uploads\/2024\/09\/IMG_20240813_112209-1024x461.jpg\" alt=\"\" width=\"1024\" height=\"461\" srcset=\"https:\/\/www.belferwpodrozy.pl\/wp-content\/uploads\/2024\/09\/IMG_20240813_112209-1024x461.jpg?v=1725201565 1024w, https:\/\/www.belferwpodrozy.pl\/wp-content\/uploads\/2024\/09\/IMG_20240813_112209-300x135.jpg?v=1725201565 300w, https:\/\/www.belferwpodrozy.pl\/wp-content\/uploads\/2024\/09\/IMG_20240813_112209-768x346.jpg?v=1725201565 768w, https:\/\/www.belferwpodrozy.pl\/wp-content\/uploads\/2024\/09\/IMG_20240813_112209.jpg?v=1725201565 2048w\" sizes=\"auto, (max-width: 1024px) 100vw, 1024px\" \/><\/div>\n<div><\/div>\n<div>W co si\u0119 ubiera\u0107 ?<\/div>\n<div><\/div>\n<div>Pakistan to pa\u0144stwo gdzie religi\u0105 dominuj\u0105c\u0105 jest islam, a w zwi\u0105zku z tym nale\u017cy pami\u0119ta\u0107, \u017ce u kobiet odpadaj\u0105 kr\u00f3tkie spodenki, kuse sukienki lub sp\u00f3dniczki, bluzki na rami\u0105czkach. Nie ma potrzeby zakrywania g\u0142owy, ale dobrze jest gdy nasz ubi\u00f3r b\u0119dzie ciut lu\u017aniejszy. O ile w wi\u0119kszych miastach bez problemu mo\u017cemy \u015bmiga\u0107 w d\u017cinsach i t-shirtach, o tyle na terenach wiejskich warto jest mie\u0107 ze sob\u0105 bluzk\u0119 w stylu tuniki. Panowie nie maj\u0105 wi\u0119kszych obostrze\u0144, wa\u017cne jest by jedna i druga p\u0142e\u0107 wchodz\u0105c do meczetu mia\u0142a d\u0142ugie spodnie, a kobiety dodatkowo chust\u0119, kt\u00f3r\u0105 przykryj\u0105 g\u0142ow\u0119 i ramiona.<\/div>\n<div>\n<div id=\"attachment_2659\" style=\"width: 471px\" class=\"wp-caption aligncenter\"><img loading=\"lazy\" decoding=\"async\" aria-describedby=\"caption-attachment-2659\" class=\"wp-image-2659 size-large\" src=\"http:\/\/www.belferwpodrozy.pl\/wp-content\/uploads\/2024\/09\/IMG_20240816_101247-461x1024.jpg\" alt=\"\" width=\"461\" height=\"1024\" srcset=\"https:\/\/www.belferwpodrozy.pl\/wp-content\/uploads\/2024\/09\/IMG_20240816_101247-461x1024.jpg?v=1725202072 461w, https:\/\/www.belferwpodrozy.pl\/wp-content\/uploads\/2024\/09\/IMG_20240816_101247-135x300.jpg?v=1725202072 135w, https:\/\/www.belferwpodrozy.pl\/wp-content\/uploads\/2024\/09\/IMG_20240816_101247-768x1706.jpg?v=1725202072 768w, https:\/\/www.belferwpodrozy.pl\/wp-content\/uploads\/2024\/09\/IMG_20240816_101247.jpg?v=1725202072 922w\" sizes=\"auto, (max-width: 461px) 100vw, 461px\" \/><p id=\"caption-attachment-2659\" class=\"wp-caption-text\">Cesarski Meczet w Lahore<\/p><\/div>\n<\/div>\n<div><\/div>\n<div>Pakista\u0144ska kuchnia<\/div>\n<div><\/div>\n<div>\n<div id=\"attachment_2649\" style=\"width: 145px\" class=\"wp-caption alignleft\"><img loading=\"lazy\" decoding=\"async\" aria-describedby=\"caption-attachment-2649\" class=\"wp-image-2649 size-medium\" src=\"http:\/\/www.belferwpodrozy.pl\/wp-content\/uploads\/2024\/09\/IMG_20240813_144745-135x300.jpg\" alt=\"\" width=\"135\" height=\"300\" srcset=\"https:\/\/www.belferwpodrozy.pl\/wp-content\/uploads\/2024\/09\/IMG_20240813_144745-135x300.jpg?v=1725201563 135w, https:\/\/www.belferwpodrozy.pl\/wp-content\/uploads\/2024\/09\/IMG_20240813_144745-768x1706.jpg?v=1725201563 768w, https:\/\/www.belferwpodrozy.pl\/wp-content\/uploads\/2024\/09\/IMG_20240813_144745-461x1024.jpg?v=1725201563 461w, https:\/\/www.belferwpodrozy.pl\/wp-content\/uploads\/2024\/09\/IMG_20240813_144745.jpg?v=1725201563 922w\" sizes=\"auto, (max-width: 135px) 100vw, 135px\" \/><p id=\"caption-attachment-2649\" class=\"wp-caption-text\">Restauracja w Skardu.<\/p><\/div>\n<div id=\"attachment_2648\" style=\"width: 145px\" class=\"wp-caption alignright\"><img loading=\"lazy\" decoding=\"async\" aria-describedby=\"caption-attachment-2648\" class=\"wp-image-2648 size-medium\" src=\"http:\/\/www.belferwpodrozy.pl\/wp-content\/uploads\/2024\/09\/IMG_20240813_153345-135x300.jpg\" alt=\"\" width=\"135\" height=\"300\" srcset=\"https:\/\/www.belferwpodrozy.pl\/wp-content\/uploads\/2024\/09\/IMG_20240813_153345-135x300.jpg?v=1725201561 135w, https:\/\/www.belferwpodrozy.pl\/wp-content\/uploads\/2024\/09\/IMG_20240813_153345-768x1706.jpg?v=1725201561 768w, https:\/\/www.belferwpodrozy.pl\/wp-content\/uploads\/2024\/09\/IMG_20240813_153345-461x1024.jpg?v=1725201561 461w, https:\/\/www.belferwpodrozy.pl\/wp-content\/uploads\/2024\/09\/IMG_20240813_153345.jpg?v=1725201561 922w\" sizes=\"auto, (max-width: 135px) 100vw, 135px\" \/><p id=\"caption-attachment-2648\" class=\"wp-caption-text\">Restauracja w Skardu<\/p><\/div>\n<p>Kuchnia pakista\u0144ska zapewne zachwyci tych, kt\u00f3rzy ceni\u0105 sobie wyraziste smaki. Mo\u017cna w niej odnale\u017a\u0107 wp\u0142ywy kuchni hinduskiej, jednak pakista\u0144skie potrawy s\u0105 o wiele ostrzejsze. Co zatem warto spr\u00f3bowa\u0107?<\/p>\n<\/div>\n<div>Nihari &#8211; pikantny jagni\u0119cy gulasz<\/div>\n<div>Pacora &#8211; to warzywa w cie\u015bcie z m\u0105ki ciecierzycy sma\u017cone w g\u0142\u0119bokim oleju.<\/div>\n<div>Gol gappa &#8211; typowy pakista\u0144ski street food, czyli ma\u0142e placuszki, takie skorupki faszerowane ziemniakami, ciecierzyc\u0105 i pomidorami.<\/div>\n<div>Biriani &#8211; to ry\u017c podawany z mi\u0119sem jagni\u0119cym, wo\u0142owym, lub drobiowym z du\u017c\u0105 ilo\u015bci\u0105 przypraw.<\/div>\n<div>To tylko wybrane potrawy z kuchni pakista\u0144skiej, wi\u0119cej nie by\u0142am w stanie spr\u00f3bowa\u0107.<\/div>\n<div><\/div>\n<div>Je\u015bli jednak nie podpasuje Wam kuchnia pakista\u0144ska, to znajdziecie tez miejsca, gdzie serwuj\u0105 potrawy na nut\u0119 europejsk\u0105:)<\/div>\n<div>\n<p>&nbsp;<\/p>\n<div id=\"attachment_2660\" style=\"width: 471px\" class=\"wp-caption aligncenter\"><img loading=\"lazy\" decoding=\"async\" aria-describedby=\"caption-attachment-2660\" class=\"wp-image-2660 size-large\" src=\"http:\/\/www.belferwpodrozy.pl\/wp-content\/uploads\/2024\/09\/IMG_20240815_195606-461x1024.jpg\" alt=\"\" width=\"461\" height=\"1024\" srcset=\"https:\/\/www.belferwpodrozy.pl\/wp-content\/uploads\/2024\/09\/IMG_20240815_195606-461x1024.jpg?v=1725202642 461w, https:\/\/www.belferwpodrozy.pl\/wp-content\/uploads\/2024\/09\/IMG_20240815_195606-135x300.jpg?v=1725202642 135w, https:\/\/www.belferwpodrozy.pl\/wp-content\/uploads\/2024\/09\/IMG_20240815_195606-768x1706.jpg?v=1725202642 768w, https:\/\/www.belferwpodrozy.pl\/wp-content\/uploads\/2024\/09\/IMG_20240815_195606.jpg?v=1725202642 922w\" sizes=\"auto, (max-width: 461px) 100vw, 461px\" \/><p id=\"caption-attachment-2660\" class=\"wp-caption-text\">Uliczny street food w Lahore<\/p><\/div>\n<div id=\"attachment_2646\" style=\"width: 471px\" class=\"wp-caption aligncenter\"><img loading=\"lazy\" decoding=\"async\" aria-describedby=\"caption-attachment-2646\" class=\"wp-image-2646 size-large\" src=\"http:\/\/www.belferwpodrozy.pl\/wp-content\/uploads\/2024\/09\/IMG_20240815_201348-461x1024.jpg\" alt=\"\" width=\"461\" height=\"1024\" srcset=\"https:\/\/www.belferwpodrozy.pl\/wp-content\/uploads\/2024\/09\/IMG_20240815_201348-461x1024.jpg?v=1725201556 461w, https:\/\/www.belferwpodrozy.pl\/wp-content\/uploads\/2024\/09\/IMG_20240815_201348-135x300.jpg?v=1725201556 135w, https:\/\/www.belferwpodrozy.pl\/wp-content\/uploads\/2024\/09\/IMG_20240815_201348-768x1706.jpg?v=1725201556 768w, https:\/\/www.belferwpodrozy.pl\/wp-content\/uploads\/2024\/09\/IMG_20240815_201348.jpg?v=1725201556 922w\" sizes=\"auto, (max-width: 461px) 100vw, 461px\" \/><p id=\"caption-attachment-2646\" class=\"wp-caption-text\">Gol Gappa<\/p><\/div>\n<div id=\"attachment_2653\" style=\"width: 471px\" class=\"wp-caption aligncenter\"><img loading=\"lazy\" decoding=\"async\" aria-describedby=\"caption-attachment-2653\" class=\"wp-image-2653 size-large\" src=\"http:\/\/www.belferwpodrozy.pl\/wp-content\/uploads\/2024\/09\/IMG_20240809_160616-461x1024.jpg\" alt=\"\" width=\"461\" height=\"1024\" srcset=\"https:\/\/www.belferwpodrozy.pl\/wp-content\/uploads\/2024\/09\/IMG_20240809_160616-461x1024.jpg?v=1725201573 461w, https:\/\/www.belferwpodrozy.pl\/wp-content\/uploads\/2024\/09\/IMG_20240809_160616-135x300.jpg?v=1725201573 135w, https:\/\/www.belferwpodrozy.pl\/wp-content\/uploads\/2024\/09\/IMG_20240809_160616-768x1706.jpg?v=1725201573 768w, https:\/\/www.belferwpodrozy.pl\/wp-content\/uploads\/2024\/09\/IMG_20240809_160616.jpg?v=1725201573 922w\" sizes=\"auto, (max-width: 461px) 100vw, 461px\" \/><p id=\"caption-attachment-2653\" class=\"wp-caption-text\">Tak te\u017c mo\u017ce by\u0107 serwowane jedzenie \ud83d\ude42<\/p><\/div>\n<\/div>\n<div><\/div>\n<div><\/div>\n<div>Co z elektryczno\u015bci\u0105?<\/div>\n<div><\/div>\n<div>Jad\u0105c do Pakistanu warto zabra\u0107 ze sob\u0105 tak zwan\u0105 przej\u015bci\u00f3wk\u0119, albowiem w wielu miejscach s\u0105 gniazdka angielskie. Niestety pr\u0105d w Pakistanie to nie jest dobro dane na zawsze, mog\u0105 by\u0107 przerwy w jego zestawie, wi\u0119c powerbanki obowi\u0105zkowe.<\/div>\n<div><\/div>\n<div>Woda<\/div>\n<div><\/div>\n<div>Ciep\u0142a woda pod prysznicem to te\u017c nie jest dobro gwarantowane, owszem letnia b\u0119dzie, ale nie ma co si\u0119 nastawia\u0107 na d\u0142ugie i gor\u0105ce k\u0105piele. Woda kt\u00f3ra jest w kranach nie nadaje si\u0119 do spo\u017cycia nawet po przegotowaniu. Tzn nasza flora bakteryjn\u0105 mo\u017ce nie by\u0107 na ni\u0105 gotowa. Dlatego warto korzysta\u0107 jedynie z wody butelkowanej.<\/div>\n<div><\/div>\n<div>Baza noclegowa<\/div>\n<div><\/div>\n<div><img loading=\"lazy\" decoding=\"async\" class=\"aligncenter wp-image-2644 size-large\" src=\"http:\/\/www.belferwpodrozy.pl\/wp-content\/uploads\/2024\/09\/IMG_20240807_141122-461x1024.jpg\" alt=\"\" width=\"461\" height=\"1024\" srcset=\"https:\/\/www.belferwpodrozy.pl\/wp-content\/uploads\/2024\/09\/IMG_20240807_141122-461x1024.jpg?v=1725201552 461w, https:\/\/www.belferwpodrozy.pl\/wp-content\/uploads\/2024\/09\/IMG_20240807_141122-135x300.jpg?v=1725201552 135w, https:\/\/www.belferwpodrozy.pl\/wp-content\/uploads\/2024\/09\/IMG_20240807_141122-768x1706.jpg?v=1725201552 768w, https:\/\/www.belferwpodrozy.pl\/wp-content\/uploads\/2024\/09\/IMG_20240807_141122.jpg?v=1725201552 922w\" sizes=\"auto, (max-width: 461px) 100vw, 461px\" \/>Baza noclegowa jest niezwykle r\u00f3\u017cnorodna, w Pakistanie znajdziemy hotele, pola namiotowe, glampingi. Nie ma jednak co ich por\u00f3wnywa\u0107 do standard\u00f3w europejskich, zw\u0142aszcza je\u015bli my\u015blimy o wersjach, tak zwanych bud\u017cetowych. Oczywi\u015bcie znajdziemy r\u00f3wnie\u017c hotel o podwy\u017cszonym standardzie, a co za tym idzie i cenie.<\/div>\n<div>Co jest wr\u0119cz pewne w tych miejscach bud\u017cetowych? Zawsze co\u015b nas zaskoczy, mo\u017ce to by\u0107 brak klimatyzacji (jedynie wiatrak), brak r\u0119cznik\u00f3w, \u015brodk\u00f3w czysto\u015bci, okresowe przerwy w dostawach pr\u0105du czy ciep\u0142ej wody&#8230; ale do tego trzeba si\u0119 po prostu przyzwyczai\u0107.<\/div>\n<div><\/div>\n<div>Transport<\/div>\n<div><\/div>\n<div>Je\u015bli decydujecie si\u0119 na samodzieln\u0105 wypraw\u0119 do tego pa\u0144stwa to nie obawiajcie si\u0119, transport publiczny funkcjonuje w miar\u0119 dobrze. Do dyspozycji b\u0119d\u0105 autobusy czy poci\u0105gi, sprawdza si\u0119 autostop, a w du\u017cych miastach dobrze radzi sobie Uber. Ale nader wszystko czekaj\u0105 na Was tuk tuki! Pami\u0119tajcie jednak o tym by kwestie wyceny om\u00f3wi\u0107 przed kursem, a nie po.<\/div>\n<div><img loading=\"lazy\" decoding=\"async\" class=\"aligncenter wp-image-2645 size-large\" src=\"http:\/\/www.belferwpodrozy.pl\/wp-content\/uploads\/2024\/09\/IMG_20240810_104431-1024x461.jpg\" alt=\"\" width=\"1024\" height=\"461\" srcset=\"https:\/\/www.belferwpodrozy.pl\/wp-content\/uploads\/2024\/09\/IMG_20240810_104431-1024x461.jpg?v=1725201554 1024w, https:\/\/www.belferwpodrozy.pl\/wp-content\/uploads\/2024\/09\/IMG_20240810_104431-300x135.jpg?v=1725201554 300w, https:\/\/www.belferwpodrozy.pl\/wp-content\/uploads\/2024\/09\/IMG_20240810_104431-768x346.jpg?v=1725201554 768w, https:\/\/www.belferwpodrozy.pl\/wp-content\/uploads\/2024\/09\/IMG_20240810_104431.jpg?v=1725201554 2048w\" sizes=\"auto, (max-width: 1024px) 100vw, 1024px\" \/><\/div>\n<div><\/div>\n<div>Internet<\/div>\n<div><\/div>\n<div>W dzisiejszych czasach nie ma wi\u0119kszych problem\u00f3w z dost\u0119pem do internetu w zdecydowanej wi\u0119kszo\u015bci \u015bwiata. Podobnie jest w Pakistanie gdzie mo\u017cna zakupi\u0107 kart\u0119 lub skorzysta\u0107 z us\u0142ug r\u00f3\u017cnych operator\u00f3w. Ja korzysta\u0142am z Hola Fly wykupuj\u0105c dedykowan\u0105 pode mnie ofert\u0119. W Pakistanie jest jednak jedno ALE &#8230; na terenach g\u00f3rskich, do takiego zalicza si\u0119 ju\u017c Fairy Meadows \u017cadna sie\u0107 nie b\u0119dzie nam dzia\u0142a\u0142a. Tutaj nale\u017cy wykupi\u0107 specjaln\u0105, tak zwan\u0105 g\u00f3rsk\u0105 kart\u0119 z dost\u0119pem do Internetu. Problemem okazuje si\u0119 fakt, \u017ce ilo\u015b\u0107 tych kart b\u0119d\u0105cych do dyspozycji turyst\u00f3w jest to do\u015b\u0107 mocno ograniczona. Od sprzedawcy us\u0142yszeli\u015bmy, i\u017c dziennie, w\u0142a\u015bnie dla go\u015bci, ma w ofercie jedynie pi\u0119\u0107 sztuk. Planuj\u0105c wypraw\u0119 w g\u00f3rskie tereny Pakistanu warto mie\u0107 to na uwadze, a mo\u017ce to dobry czas by zafundowa\u0107 sobie ma\u0142y detoks?<\/div>\n<div><\/div>\n<div><\/div>\n<div>Bezpiecze\u0144stwo.<\/div>\n<div>Pakistan owiany jest z\u0142\u0105 s\u0142aw\u0105. Jeszcze przed wylotem otrzymywa\u0142am pytania, czy nie obawiam si\u0119 podr\u00f3\u017cy w tamte rejony? Po powrocie mog\u0119 stwierdzi\u0107 jedno, to pa\u0144stwo jak ka\u017cde inne i ani razu nie poczu\u0142am dyskomfortu. Sk\u0105d wi\u0119c ta z\u0142a s\u0142awa? Zapewne jest to spowodowane dwoma faktami. Po pierwsze na terenach Pakistanu bardzo d\u0142ugo ukrywa\u0142a si\u0119 cz\u0119\u015b\u0107 Afga\u0144czyk\u00f3w, kt\u00f3rzy uciekli ze swojego pa\u0144stwa przed aktami przemocy i terroryzmu, wprowadzonymi w 2021 roku przez talib\u00f3w. Pakistan zala\u0142a w\u00f3wczas fala uchod\u017cc\u00f3w.\u00a0 Po drugie to na terenie Pakistanu ukrywa\u0142 si\u0119 i tu zosta\u0142 zabity Osama bin Laden, terrorysta odpowiedzialny za ataki z 11 wrze\u015bnia 2001 roku. Te dwa fakty mocno si\u0119 odbi\u0142y na wizerunku pa\u0144stwa i w\u0142adze zadecydowa\u0142y, \u017ce\u00a0od 1 listopada 2023 roku ci, kt\u00f3rzy nie uregulowali swojej sytuacji prawnej w Pakistanie maja go natychmiast opu\u015bci\u0107. Oznacza to przymusow\u0105 deportacje ponad 1,5 miliona Afga\u0144czyk\u00f3w.<\/div>\n<div><img loading=\"lazy\" decoding=\"async\" class=\"aligncenter wp-image-2664 size-large\" src=\"http:\/\/www.belferwpodrozy.pl\/wp-content\/uploads\/2024\/09\/IMG_20240811_141928-1024x461.jpg\" alt=\"\" width=\"1024\" height=\"461\" srcset=\"https:\/\/www.belferwpodrozy.pl\/wp-content\/uploads\/2024\/09\/IMG_20240811_141928-1024x461.jpg?v=1725203751 1024w, https:\/\/www.belferwpodrozy.pl\/wp-content\/uploads\/2024\/09\/IMG_20240811_141928-300x135.jpg?v=1725203751 300w, https:\/\/www.belferwpodrozy.pl\/wp-content\/uploads\/2024\/09\/IMG_20240811_141928-768x346.jpg?v=1725203751 768w, https:\/\/www.belferwpodrozy.pl\/wp-content\/uploads\/2024\/09\/IMG_20240811_141928.jpg?v=1725203751 2048w\" sizes=\"auto, (max-width: 1024px) 100vw, 1024px\" \/><\/div>\n<div><\/div>\n<div><\/div>\n<div><\/div>\n","protected":false},"excerpt":{"rendered":"<p>W sierpniu 2024 roku mia\u0142am okazj\u0119 odwiedzi\u0107 Pakistan, a dok\u0142adnie jego p\u00f3\u0142nocn\u0105 cz\u0119\u015b\u0107. Jak to si\u0119 sta\u0142o, \u017ce tam trafi\u0142am? W sumie to przypadkowo, albowiem ten kierunek nie widzia\u0142 na mojej podr\u00f3\u017cniczej li\u015bcie. Wszystko zmieni\u0142o si\u0119 w momencie, gdy moja instagramowa znajoma Voyagerka przeprowadzi\u0142a si\u0119 w tamte rejony i rozpocz\u0119\u0142a organizacj\u0119 wypraw. Wtedy to, a [&hellip;]<\/p>\n","protected":false},"author":2,"featured_media":2662,"comment_status":"open","ping_status":"open","sticky":false,"template":"","format":"standard","meta":{"footnotes":""},"categories":[8,71,4,15],"tags":[],"class_list":["post-2631","post","type-post","status-publish","format-standard","has-post-thumbnail","category-ciekawe-miejsca","category-pakistan","category-swiat","category-zycie-codzienne","czr-hentry"],"_links":{"self":[{"href":"https:\/\/www.belferwpodrozy.pl\/index.php\/wp-json\/wp\/v2\/posts\/2631","targetHints":{"allow":["GET"]}}],"collection":[{"href":"https:\/\/www.belferwpodrozy.pl\/index.php\/wp-json\/wp\/v2\/posts"}],"about":[{"href":"https:\/\/www.belferwpodrozy.pl\/index.php\/wp-json\/wp\/v2\/types\/post"}],"author":[{"embeddable":true,"href":"https:\/\/www.belferwpodrozy.pl\/index.php\/wp-json\/wp\/v2\/users\/2"}],"replies":[{"embeddable":true,"href":"https:\/\/www.belferwpodrozy.pl\/index.php\/wp-json\/wp\/v2\/comments?post=2631"}],"version-history":[{"count":3,"href":"https:\/\/www.belferwpodrozy.pl\/index.php\/wp-json\/wp\/v2\/posts\/2631\/revisions"}],"predecessor-version":[{"id":2667,"href":"https:\/\/www.belferwpodrozy.pl\/index.php\/wp-json\/wp\/v2\/posts\/2631\/revisions\/2667"}],"wp:featuredmedia":[{"embeddable":true,"href":"https:\/\/www.belferwpodrozy.pl\/index.php\/wp-json\/wp\/v2\/media\/2662"}],"wp:attachment":[{"href":"https:\/\/www.belferwpodrozy.pl\/index.php\/wp-json\/wp\/v2\/media?parent=2631"}],"wp:term":[{"taxonomy":"category","embeddable":true,"href":"https:\/\/www.belferwpodrozy.pl\/index.php\/wp-json\/wp\/v2\/categories?post=2631"},{"taxonomy":"post_tag","embeddable":true,"href":"https:\/\/www.belferwpodrozy.pl\/index.php\/wp-json\/wp\/v2\/tags?post=2631"}],"curies":[{"name":"wp","href":"https:\/\/api.w.org\/{rel}","templated":true}]}}