{"id":2637,"date":"2024-11-04T17:06:26","date_gmt":"2024-11-04T16:06:26","guid":{"rendered":"http:\/\/www.belferwpodrozy.pl\/?p=2637"},"modified":"2025-01-12T12:08:06","modified_gmt":"2025-01-12T11:08:06","slug":"rynek-narozna-rzezba-swietego-floriana","status":"publish","type":"post","link":"https:\/\/www.belferwpodrozy.pl\/index.php\/2024\/11\/04\/rynek-narozna-rzezba-swietego-floriana\/","title":{"rendered":"Rynek &#8211; naro\u017cna rze\u017aba \u015bwi\u0119tego Floriana."},"content":{"rendered":"<p><img loading=\"lazy\" decoding=\"async\" class=\"alignleft wp-image-2673 size-medium\" src=\"http:\/\/www.belferwpodrozy.pl\/wp-content\/uploads\/2024\/08\/IMG_20230704_164209-135x300.jpg\" alt=\"\" width=\"135\" height=\"300\" srcset=\"https:\/\/www.belferwpodrozy.pl\/wp-content\/uploads\/2024\/08\/IMG_20230704_164209-135x300.jpg?v=1725204854 135w, https:\/\/www.belferwpodrozy.pl\/wp-content\/uploads\/2024\/08\/IMG_20230704_164209-768x1706.jpg?v=1725204854 768w, https:\/\/www.belferwpodrozy.pl\/wp-content\/uploads\/2024\/08\/IMG_20230704_164209-461x1024.jpg?v=1725204854 461w, https:\/\/www.belferwpodrozy.pl\/wp-content\/uploads\/2024\/08\/IMG_20230704_164209.jpg?v=1725204854 922w\" sizes=\"auto, (max-width: 135px) 100vw, 135px\" \/> <img loading=\"lazy\" decoding=\"async\" class=\"alignright wp-image-2675 size-medium\" src=\"http:\/\/www.belferwpodrozy.pl\/wp-content\/uploads\/2024\/08\/IMG_20230704_164217-1-135x300.jpg\" alt=\"\" width=\"135\" height=\"300\" srcset=\"https:\/\/www.belferwpodrozy.pl\/wp-content\/uploads\/2024\/08\/IMG_20230704_164217-1-135x300.jpg?v=1725204859 135w, https:\/\/www.belferwpodrozy.pl\/wp-content\/uploads\/2024\/08\/IMG_20230704_164217-1-768x1706.jpg?v=1725204859 768w, https:\/\/www.belferwpodrozy.pl\/wp-content\/uploads\/2024\/08\/IMG_20230704_164217-1-461x1024.jpg?v=1725204859 461w, https:\/\/www.belferwpodrozy.pl\/wp-content\/uploads\/2024\/08\/IMG_20230704_164217-1.jpg?v=1725204859 922w\" sizes=\"auto, (max-width: 135px) 100vw, 135px\" \/>Tu\u017c nieopodal \u0142aweczki z Mari\u0105 Kunic, w naro\u017cniku Ratusza odnale\u017a\u0107 mo\u017cna rze\u017ab\u0119 autorstwa Jerzego Leonarda Webera przedstawiaj\u0105c\u0105 \u015bwi\u0119tego Floriana.<\/p>\n<p>Popatrzcie na szczeg\u00f3\u0142y:<br \/>\n\ud83c\udf1f \u015aw. Florian, patron stra\u017cak\u00f3w, hutnik\u00f3w przedstawiony zosta\u0142 w stroju rzymskiego legionisty<br \/>\n\ud83c\udf1fz drewnianego wiaderka, kt\u00f3re trzyma w d\u0142oniach wylewa si\u0119 woda wprost na \u015bwidnickie kamienice<br \/>\n\ud83c\udf1fData 1720 rok powstania rze\u017aby. Znajdziecie r\u00f3wnie\u017c czteropolowy herb rodziny von Schaffgotsch\u00f3w.<\/p>\n<p>Sk\u0105d \u015bw. Florian w \u015awidnicy? W okresie \u015bredniowiecza miasto trawi\u0142y liczne po\u017cary. Florian mia\u0142 wi\u0119c ochroni\u0107 miasto przed kolejnymi kataklizmami.<\/p>\n<p>&nbsp;<\/p>\n<p><img loading=\"lazy\" decoding=\"async\" class=\"aligncenter wp-image-2674 size-large\" src=\"http:\/\/www.belferwpodrozy.pl\/wp-content\/uploads\/2024\/08\/IMG_20230704_164231-461x1024.jpg\" alt=\"\" width=\"461\" height=\"1024\" srcset=\"https:\/\/www.belferwpodrozy.pl\/wp-content\/uploads\/2024\/08\/IMG_20230704_164231-461x1024.jpg?v=1725204857 461w, https:\/\/www.belferwpodrozy.pl\/wp-content\/uploads\/2024\/08\/IMG_20230704_164231-135x300.jpg?v=1725204857 135w, https:\/\/www.belferwpodrozy.pl\/wp-content\/uploads\/2024\/08\/IMG_20230704_164231-768x1706.jpg?v=1725204857 768w, https:\/\/www.belferwpodrozy.pl\/wp-content\/uploads\/2024\/08\/IMG_20230704_164231.jpg?v=1725204857 922w\" sizes=\"auto, (max-width: 461px) 100vw, 461px\" \/><\/p>\n","protected":false},"excerpt":{"rendered":"<p>Tu\u017c nieopodal \u0142aweczki z Mari\u0105 Kunic, w naro\u017cniku Ratusza odnale\u017a\u0107 mo\u017cna rze\u017ab\u0119 autorstwa Jerzego Leonarda Webera przedstawiaj\u0105c\u0105 \u015bwi\u0119tego Floriana. Popatrzcie na szczeg\u00f3\u0142y: \ud83c\udf1f \u015aw. Florian, patron stra\u017cak\u00f3w, hutnik\u00f3w przedstawiony zosta\u0142 w stroju rzymskiego legionisty \ud83c\udf1fz drewnianego wiaderka, kt\u00f3re trzyma w d\u0142oniach wylewa si\u0119 woda wprost na \u015bwidnickie kamienice \ud83c\udf1fData 1720 rok powstania rze\u017aby. Znajdziecie r\u00f3wnie\u017c [&hellip;]<\/p>\n","protected":false},"author":2,"featured_media":2766,"comment_status":"open","ping_status":"open","sticky":false,"template":"","format":"standard","meta":{"footnotes":""},"categories":[14,8,54,1,16,70],"tags":[],"class_list":["post-2637","post","type-post","status-publish","format-standard","has-post-thumbnail","category-architektura","category-ciekawe-miejsca","category-dolnoslaskie","category-polska","category-polska-gora","category-swidnica","czr-hentry"],"_links":{"self":[{"href":"https:\/\/www.belferwpodrozy.pl\/index.php\/wp-json\/wp\/v2\/posts\/2637","targetHints":{"allow":["GET"]}}],"collection":[{"href":"https:\/\/www.belferwpodrozy.pl\/index.php\/wp-json\/wp\/v2\/posts"}],"about":[{"href":"https:\/\/www.belferwpodrozy.pl\/index.php\/wp-json\/wp\/v2\/types\/post"}],"author":[{"embeddable":true,"href":"https:\/\/www.belferwpodrozy.pl\/index.php\/wp-json\/wp\/v2\/users\/2"}],"replies":[{"embeddable":true,"href":"https:\/\/www.belferwpodrozy.pl\/index.php\/wp-json\/wp\/v2\/comments?post=2637"}],"version-history":[{"count":2,"href":"https:\/\/www.belferwpodrozy.pl\/index.php\/wp-json\/wp\/v2\/posts\/2637\/revisions"}],"predecessor-version":[{"id":2676,"href":"https:\/\/www.belferwpodrozy.pl\/index.php\/wp-json\/wp\/v2\/posts\/2637\/revisions\/2676"}],"wp:featuredmedia":[{"embeddable":true,"href":"https:\/\/www.belferwpodrozy.pl\/index.php\/wp-json\/wp\/v2\/media\/2766"}],"wp:attachment":[{"href":"https:\/\/www.belferwpodrozy.pl\/index.php\/wp-json\/wp\/v2\/media?parent=2637"}],"wp:term":[{"taxonomy":"category","embeddable":true,"href":"https:\/\/www.belferwpodrozy.pl\/index.php\/wp-json\/wp\/v2\/categories?post=2637"},{"taxonomy":"post_tag","embeddable":true,"href":"https:\/\/www.belferwpodrozy.pl\/index.php\/wp-json\/wp\/v2\/tags?post=2637"}],"curies":[{"name":"wp","href":"https:\/\/api.w.org\/{rel}","templated":true}]}}