{"id":2821,"date":"2025-10-09T21:17:14","date_gmt":"2025-10-09T19:17:14","guid":{"rendered":"http:\/\/www.belferwpodrozy.pl\/?p=2821"},"modified":"2025-10-09T21:17:14","modified_gmt":"2025-10-09T19:17:14","slug":"grobowce-cesarskie-w-wietnamie","status":"publish","type":"post","link":"https:\/\/www.belferwpodrozy.pl\/index.php\/2025\/10\/09\/grobowce-cesarskie-w-wietnamie\/","title":{"rendered":"Grobowce cesarskie w Wietnamie."},"content":{"rendered":"<div id=\"ez-toc-container\" class=\"ez-toc-v2_0_86 counter-hierarchy ez-toc-counter ez-toc-grey ez-toc-container-direction\">\n<p class=\"ez-toc-title\" style=\"cursor:inherit\">Spis tre\u015bci<\/p>\n<label for=\"ez-toc-cssicon-toggle-item-6a94fd52c3a5b\" class=\"ez-toc-cssicon-toggle-label\"><span class=\"\"><span class=\"eztoc-hide\" style=\"display:none;\">Toggle<\/span><span class=\"ez-toc-icon-toggle-span\"><svg style=\"fill: #999;color:#999\" xmlns=\"http:\/\/www.w3.org\/2000\/svg\" class=\"list-377408\" width=\"20px\" height=\"20px\" viewBox=\"0 0 24 24\" fill=\"none\"><path d=\"M6 6H4v2h2V6zm14 0H8v2h12V6zM4 11h2v2H4v-2zm16 0H8v2h12v-2zM4 16h2v2H4v-2zm16 0H8v2h12v-2z\" fill=\"currentColor\"><\/path><\/svg><svg style=\"fill: #999;color:#999\" class=\"arrow-unsorted-368013\" xmlns=\"http:\/\/www.w3.org\/2000\/svg\" width=\"10px\" height=\"10px\" viewBox=\"0 0 24 24\" version=\"1.2\" baseProfile=\"tiny\"><path d=\"M18.2 9.3l-6.2-6.3-6.2 6.3c-.2.2-.3.4-.3.7s.1.5.3.7c.2.2.4.3.7.3h11c.3 0 .5-.1.7-.3.2-.2.3-.5.3-.7s-.1-.5-.3-.7zM5.8 14.7l6.2 6.3 6.2-6.3c.2-.2.3-.5.3-.7s-.1-.5-.3-.7c-.2-.2-.4-.3-.7-.3h-11c-.3 0-.5.1-.7.3-.2.2-.3.5-.3.7s.1.5.3.7z\"\/><\/svg><\/span><\/span><\/label><input type=\"checkbox\"  id=\"ez-toc-cssicon-toggle-item-6a94fd52c3a5b\"  aria-label=\"Prze\u0142\u0105cznik\" \/><nav><ul class='ez-toc-list ez-toc-list-level-1 ' ><li class='ez-toc-page-1 ez-toc-heading-level-4'><a class=\"ez-toc-link ez-toc-heading-1\" href=\"https:\/\/www.belferwpodrozy.pl\/index.php\/2025\/10\/09\/grobowce-cesarskie-w-wietnamie\/#Grobowiec_cesarza_Khai_Dinh\" >Grobowiec cesarza\u00a0Khai Dinh.<\/a><\/li><li class='ez-toc-page-1 ez-toc-heading-level-4'><a class=\"ez-toc-link ez-toc-heading-2\" href=\"https:\/\/www.belferwpodrozy.pl\/index.php\/2025\/10\/09\/grobowce-cesarskie-w-wietnamie\/#Grobowiec_Tu_Duca\" >Grobowiec Tu Duca<\/a><\/li><li class='ez-toc-page-1 ez-toc-heading-level-4'><a class=\"ez-toc-link ez-toc-heading-3\" href=\"https:\/\/www.belferwpodrozy.pl\/index.php\/2025\/10\/09\/grobowce-cesarskie-w-wietnamie\/#Tajemnica_pochowku\" >Tajemnica poch\u00f3wku<\/a><\/li><li class='ez-toc-page-1 ez-toc-heading-level-4'><a class=\"ez-toc-link ez-toc-heading-4\" href=\"https:\/\/www.belferwpodrozy.pl\/index.php\/2025\/10\/09\/grobowce-cesarskie-w-wietnamie\/#Zwiedzanie_grobowcow\" >Zwiedzanie grobowc\u00f3w.<\/a><\/li><\/ul><\/nav><\/div>\n<p>Pojecha\u0107 do Wietnamu i nie zobaczy\u0107 \u017cadnych grobowc\u00f3w? Niemo\u017cliwe! Co prawda zdecydowanie wol\u0119 lokalne nekropolie, ale grobowcami w\u0142adc\u00f3w te\u017c nie pogardz\u0119. Zw\u0142aszcza, \u017ce ci cz\u0119sto mieli koncert \u017cycze\u0144 co do swojego poch\u00f3wku.<\/p>\n<p>W \u015brodkowej cz\u0119\u015bci Wietnamu, nieopodal Cesarskiego Miasta Hue, znajduje si\u0119 kompleks cesarskich grobowc\u00f3w nale\u017c\u0105cych do dynastii Ngueyn. Warto nadmieni\u0107, i\u017c pochodzi\u0142o z niej 13 cesarzy, a jedynie po\u0142owa zmar\u0142a \u015bmierci\u0105 naturaln\u0105.\u00a0Cesarze zwyczajowo swoje miejsce poch\u00f3wku szykowali ju\u017c za \u017cycia, wybierali odpowiedni\u0105 lokalizacj\u0119, najcz\u0119\u015bciej gdzie\u015b na wzg\u00f3rzu, by m\u00f3c po \u015bmierci spogl\u0105da\u0107 na swoje w\u0142o\u015bci. Zatrudniali najlepsz\u0105 ekip\u0119, kt\u00f3rej powierzano wykonanie grobowca.<\/p>\n<h4><span class=\"ez-toc-section\" id=\"Grobowiec_cesarza_Khai_Dinh\"><\/span><span style=\"color: #0000ff;\">Grobowiec cesarza\u00a0Khai Dinh.<\/span><span class=\"ez-toc-section-end\"><\/span><\/h4>\n<p>Takie te\u017c plany poczyni\u0142 cesarz Khai Dinh z dynastii Nguyen. Niestety pospieszy\u0142 si\u0119 i zmar\u0142 przed zako\u0144czeniem pracy, ale do tego momentu bacznie obserwowa\u0142 jak one przebiegaj\u0105 i mia\u0142 niez\u0142y dylemat. Co zrobi\u0107 z malarzem, kt\u00f3remu powierzy\u0142 wykonanie malunku na suficie? Z jednej strony by\u0142 najlepszy w swoim fachu i jego smoki, symbol w\u0142adzy cesarskiej, by\u0142y idealne, ale z drugiej strony malowa\u0142 stopami, co by\u0142o dla cesarza najwi\u0119ksz\u0105 zniewag\u0105. Panowie po prostu za sob\u0105 nie przepadali.<\/p>\n<p>Zreszt\u0105 ca\u0142y lud nie darzy\u0142 go sympati\u0105, nie do\u015b\u0107, \u017ce by\u0142 wybrany przez francuskich kolonizator\u00f3w, to jeszcze wprowadzi\u0142 w \u017cycie alfabet \u0142aci\u0144ski w miejsce u\u017cywanego od wiek\u00f3w alfabetu chi\u0144skiego. Na dodatek by zbudowa\u0107 sobie grobowiec podni\u00f3s\u0142 podatki o 30%! Efekt ko\u0144cowy jest jednak godny podziwu, \u015bciany ozdobiono misternymi ozdobami z kolorowego szk\u0142a i ceramiki i dostrzec w\u015br\u00f3d nich mo\u017cna drzewa symbolizuj\u0105ce 4 pory roku.<\/p>\n<p>W centralnym punkcie ustawiono\u00a0sarkofag pod kt\u00f3rym, a\u017c 18 m poni\u017cej, spoczywaj\u0105 szcz\u0105tki cesarza. Na sarkofagu mo\u017cemy zobaczy\u0107 wykonany z br\u0105zu jego pos\u0105g, a nad nim wa\u017c\u0105cy trzy tony baldachim.<br \/>\nWn\u0119trze po prostu zachwyca! Na koniec jeszcze wspomn\u0119, i\u017c nie jest to szczeg\u00f3lnie stary grobowiec, prac\u0119 nad nim uko\u0144czono w 1931 roku, a budowano go przez 11 lat.<\/p>\n\n\t\t<style>\n\t\t\t#gallery-1 {\n\t\t\t\tmargin: auto;\n\t\t\t}\n\t\t\t#gallery-1 .gallery-item {\n\t\t\t\tfloat: left;\n\t\t\t\tmargin-top: 10px;\n\t\t\t\ttext-align: center;\n\t\t\t\twidth: 33%;\n\t\t\t}\n\t\t\t#gallery-1 img {\n\t\t\t\tborder: 2px solid #cfcfcf;\n\t\t\t}\n\t\t\t#gallery-1 .gallery-caption {\n\t\t\t\tmargin-left: 0;\n\t\t\t}\n\t\t\t\/* see gallery_shortcode() in wp-includes\/media.php *\/\n\t\t<\/style>\n\t\t<div id='gallery-1' class='gallery galleryid-2821 gallery-columns-3 gallery-size-large'><dl class='gallery-item'>\n\t\t\t<dt class='gallery-icon portrait'>\n\t\t\t\t<a href='https:\/\/www.belferwpodrozy.pl\/index.php\/2025\/10\/09\/grobowce-cesarskie-w-wietnamie\/img_20250205_104037\/'><img loading=\"lazy\" decoding=\"async\" width=\"577\" height=\"1024\" src=\"https:\/\/www.belferwpodrozy.pl\/wp-content\/uploads\/2025\/10\/IMG_20250205_104037-577x1024.jpg?v=1759425836\" class=\"attachment-large size-large\" alt=\"\" srcset=\"https:\/\/www.belferwpodrozy.pl\/wp-content\/uploads\/2025\/10\/IMG_20250205_104037-577x1024.jpg?v=1759425836 577w, https:\/\/www.belferwpodrozy.pl\/wp-content\/uploads\/2025\/10\/IMG_20250205_104037-169x300.jpg?v=1759425836 169w, https:\/\/www.belferwpodrozy.pl\/wp-content\/uploads\/2025\/10\/IMG_20250205_104037-768x1364.jpg?v=1759425836 768w, https:\/\/www.belferwpodrozy.pl\/wp-content\/uploads\/2025\/10\/IMG_20250205_104037.jpg?v=1759425836 1153w\" sizes=\"auto, (max-width: 577px) 100vw, 577px\" \/><\/a>\n\t\t\t<\/dt><\/dl><dl class='gallery-item'>\n\t\t\t<dt class='gallery-icon portrait'>\n\t\t\t\t<a href='https:\/\/www.belferwpodrozy.pl\/index.php\/2025\/10\/09\/grobowce-cesarskie-w-wietnamie\/img_20250205_103529\/'><img loading=\"lazy\" decoding=\"async\" width=\"577\" height=\"1024\" src=\"https:\/\/www.belferwpodrozy.pl\/wp-content\/uploads\/2025\/10\/IMG_20250205_103529-577x1024.jpg?v=1759425840\" class=\"attachment-large size-large\" alt=\"\" srcset=\"https:\/\/www.belferwpodrozy.pl\/wp-content\/uploads\/2025\/10\/IMG_20250205_103529-577x1024.jpg?v=1759425840 577w, https:\/\/www.belferwpodrozy.pl\/wp-content\/uploads\/2025\/10\/IMG_20250205_103529-169x300.jpg?v=1759425840 169w, https:\/\/www.belferwpodrozy.pl\/wp-content\/uploads\/2025\/10\/IMG_20250205_103529-768x1364.jpg?v=1759425840 768w, https:\/\/www.belferwpodrozy.pl\/wp-content\/uploads\/2025\/10\/IMG_20250205_103529.jpg?v=1759425840 1153w\" sizes=\"auto, (max-width: 577px) 100vw, 577px\" \/><\/a>\n\t\t\t<\/dt><\/dl><dl class='gallery-item'>\n\t\t\t<dt class='gallery-icon portrait'>\n\t\t\t\t<a href='https:\/\/www.belferwpodrozy.pl\/index.php\/2025\/10\/09\/grobowce-cesarskie-w-wietnamie\/img_20250205_103335\/'><img loading=\"lazy\" decoding=\"async\" width=\"577\" height=\"1024\" src=\"https:\/\/www.belferwpodrozy.pl\/wp-content\/uploads\/2025\/10\/IMG_20250205_103335-577x1024.jpg?v=1759425843\" class=\"attachment-large size-large\" alt=\"\" srcset=\"https:\/\/www.belferwpodrozy.pl\/wp-content\/uploads\/2025\/10\/IMG_20250205_103335-577x1024.jpg?v=1759425843 577w, https:\/\/www.belferwpodrozy.pl\/wp-content\/uploads\/2025\/10\/IMG_20250205_103335-169x300.jpg?v=1759425843 169w, https:\/\/www.belferwpodrozy.pl\/wp-content\/uploads\/2025\/10\/IMG_20250205_103335-768x1364.jpg?v=1759425843 768w, https:\/\/www.belferwpodrozy.pl\/wp-content\/uploads\/2025\/10\/IMG_20250205_103335.jpg?v=1759425843 1153w\" sizes=\"auto, (max-width: 577px) 100vw, 577px\" \/><\/a>\n\t\t\t<\/dt><\/dl><br style=\"clear: both\" \/><dl class='gallery-item'>\n\t\t\t<dt class='gallery-icon portrait'>\n\t\t\t\t<a href='https:\/\/www.belferwpodrozy.pl\/index.php\/2025\/10\/09\/grobowce-cesarskie-w-wietnamie\/img_20250205_102205\/'><img loading=\"lazy\" decoding=\"async\" width=\"577\" height=\"1024\" src=\"https:\/\/www.belferwpodrozy.pl\/wp-content\/uploads\/2025\/10\/IMG_20250205_102205-577x1024.jpg?v=1759425846\" class=\"attachment-large size-large\" alt=\"\" srcset=\"https:\/\/www.belferwpodrozy.pl\/wp-content\/uploads\/2025\/10\/IMG_20250205_102205-577x1024.jpg?v=1759425846 577w, https:\/\/www.belferwpodrozy.pl\/wp-content\/uploads\/2025\/10\/IMG_20250205_102205-169x300.jpg?v=1759425846 169w, https:\/\/www.belferwpodrozy.pl\/wp-content\/uploads\/2025\/10\/IMG_20250205_102205-768x1363.jpg?v=1759425846 768w, https:\/\/www.belferwpodrozy.pl\/wp-content\/uploads\/2025\/10\/IMG_20250205_102205.jpg?v=1759425846 1154w\" sizes=\"auto, (max-width: 577px) 100vw, 577px\" \/><\/a>\n\t\t\t<\/dt><\/dl><dl class='gallery-item'>\n\t\t\t<dt class='gallery-icon portrait'>\n\t\t\t\t<a href='https:\/\/www.belferwpodrozy.pl\/index.php\/2025\/10\/09\/grobowce-cesarskie-w-wietnamie\/img_20250205_103103\/'><img loading=\"lazy\" decoding=\"async\" width=\"577\" height=\"1024\" src=\"https:\/\/www.belferwpodrozy.pl\/wp-content\/uploads\/2025\/10\/IMG_20250205_103103-577x1024.jpg?v=1759425850\" class=\"attachment-large size-large\" alt=\"\" srcset=\"https:\/\/www.belferwpodrozy.pl\/wp-content\/uploads\/2025\/10\/IMG_20250205_103103-577x1024.jpg?v=1759425850 577w, https:\/\/www.belferwpodrozy.pl\/wp-content\/uploads\/2025\/10\/IMG_20250205_103103-169x300.jpg?v=1759425850 169w, https:\/\/www.belferwpodrozy.pl\/wp-content\/uploads\/2025\/10\/IMG_20250205_103103-768x1364.jpg?v=1759425850 768w, https:\/\/www.belferwpodrozy.pl\/wp-content\/uploads\/2025\/10\/IMG_20250205_103103.jpg?v=1759425850 1153w\" sizes=\"auto, (max-width: 577px) 100vw, 577px\" \/><\/a>\n\t\t\t<\/dt><\/dl><dl class='gallery-item'>\n\t\t\t<dt class='gallery-icon portrait'>\n\t\t\t\t<a href='https:\/\/www.belferwpodrozy.pl\/index.php\/2025\/10\/09\/grobowce-cesarskie-w-wietnamie\/img_20250205_102956\/'><img loading=\"lazy\" decoding=\"async\" width=\"577\" height=\"1024\" src=\"https:\/\/www.belferwpodrozy.pl\/wp-content\/uploads\/2025\/10\/IMG_20250205_102956-577x1024.jpg?v=1759425853\" class=\"attachment-large size-large\" alt=\"\" srcset=\"https:\/\/www.belferwpodrozy.pl\/wp-content\/uploads\/2025\/10\/IMG_20250205_102956-577x1024.jpg?v=1759425853 577w, https:\/\/www.belferwpodrozy.pl\/wp-content\/uploads\/2025\/10\/IMG_20250205_102956-169x300.jpg?v=1759425853 169w, https:\/\/www.belferwpodrozy.pl\/wp-content\/uploads\/2025\/10\/IMG_20250205_102956-768x1364.jpg?v=1759425853 768w, https:\/\/www.belferwpodrozy.pl\/wp-content\/uploads\/2025\/10\/IMG_20250205_102956.jpg?v=1759425853 1153w\" sizes=\"auto, (max-width: 577px) 100vw, 577px\" \/><\/a>\n\t\t\t<\/dt><\/dl><br style=\"clear: both\" \/>\n\t\t<\/div>\n\n<h4><span class=\"ez-toc-section\" id=\"Grobowiec_Tu_Duca\"><\/span><span style=\"color: #0000ff;\">Grobowiec Tu Duca<\/span><span class=\"ez-toc-section-end\"><\/span><\/h4>\n<div>Grobowiec cesarza Tu Duca w Hue to jedno z najpi\u0119kniejszych i najbardziej znacz\u0105cych historycznie miejsc w Wietnamie. Jest to nie tylko miejsce poch\u00f3wku, ale przede wszystkim rozleg\u0142y kompleks pa\u0142ac\u00f3w, pawilon\u00f3w, ogrod\u00f3w, kt\u00f3ry za \u017cycia cesarza pe\u0142ni\u0142 rol\u0119 jego letniej rezydencji.<\/div>\n<div>Grobowiec pierwotnie nazywany by\u0142 Pa\u0142acem Wieczno\u015bci (Van Ni\u00ean Co). Zacz\u0119to go budowa\u0107 w 1843 roku, a prace trwa\u0142y trzy lata. By\u0142 to projekt samego cesarza, kt\u00f3ry chcia\u0142 mie\u0107 miejsce, w kt\u00f3rym m\u00f3g\u0142by odpocz\u0105\u0107, tworzy\u0107 poezj\u0119 i medytowa\u0107 z dala od dworskich obowi\u0105zk\u00f3w. Budowa poch\u0142on\u0119\u0142a ogromne nak\u0142ady finansowe i wymaga\u0142a pracy prawie 50 000 \u017co\u0142nierzy i cywil\u00f3w, co doprowadzi\u0142o do buntu ludno\u015bci.\u00a0 Po st\u0142umieniu powstania cesarz, w akcie skruchy, przemianowa\u0142 kompleks na Pa\u0142ac Skromno\u015bci (Khi\u00eam Cung), a wi\u0119kszo\u015b\u0107 budynk\u00f3w w jego obr\u0119bie ma w nazwie s\u0142owo skromno\u015b\u0107 (Khi\u00eam).<\/div>\n<div><\/div>\n<div>Za panowania Tu Duca kompleks by\u0142 jego ulubionym miejscem wypoczynku. W pawilonach nad jeziorem cesarz pisa\u0142 wiersze, \u0142owi\u0142 ryby i organizowa\u0142 przedstawienia. Pe\u0142ni\u0142 wi\u0119c funkcj\u0119 rezydencji, a jednocze\u015bnie by\u0142 precyzyjnym planem jego przysz\u0142ego miejsca poch\u00f3wku.<\/div>\n<div><\/div>\n<div>\n\n\t\t<style>\n\t\t\t#gallery-2 {\n\t\t\t\tmargin: auto;\n\t\t\t}\n\t\t\t#gallery-2 .gallery-item {\n\t\t\t\tfloat: left;\n\t\t\t\tmargin-top: 10px;\n\t\t\t\ttext-align: center;\n\t\t\t\twidth: 33%;\n\t\t\t}\n\t\t\t#gallery-2 img {\n\t\t\t\tborder: 2px solid #cfcfcf;\n\t\t\t}\n\t\t\t#gallery-2 .gallery-caption {\n\t\t\t\tmargin-left: 0;\n\t\t\t}\n\t\t\t\/* see gallery_shortcode() in wp-includes\/media.php *\/\n\t\t<\/style>\n\t\t<div id='gallery-2' class='gallery galleryid-2821 gallery-columns-3 gallery-size-large'><dl class='gallery-item'>\n\t\t\t<dt class='gallery-icon portrait'>\n\t\t\t\t<a href='https:\/\/www.belferwpodrozy.pl\/index.php\/2025\/10\/09\/grobowce-cesarskie-w-wietnamie\/img_20250205_111719\/'><img loading=\"lazy\" decoding=\"async\" width=\"577\" height=\"1024\" src=\"https:\/\/www.belferwpodrozy.pl\/wp-content\/uploads\/2025\/10\/IMG_20250205_111719-577x1024.jpg?v=1759426051\" class=\"attachment-large size-large\" alt=\"\" srcset=\"https:\/\/www.belferwpodrozy.pl\/wp-content\/uploads\/2025\/10\/IMG_20250205_111719-577x1024.jpg?v=1759426051 577w, https:\/\/www.belferwpodrozy.pl\/wp-content\/uploads\/2025\/10\/IMG_20250205_111719-169x300.jpg?v=1759426051 169w, https:\/\/www.belferwpodrozy.pl\/wp-content\/uploads\/2025\/10\/IMG_20250205_111719-768x1364.jpg?v=1759426051 768w, https:\/\/www.belferwpodrozy.pl\/wp-content\/uploads\/2025\/10\/IMG_20250205_111719.jpg?v=1759426051 1153w\" sizes=\"auto, (max-width: 577px) 100vw, 577px\" \/><\/a>\n\t\t\t<\/dt><\/dl><dl class='gallery-item'>\n\t\t\t<dt class='gallery-icon portrait'>\n\t\t\t\t<a href='https:\/\/www.belferwpodrozy.pl\/index.php\/2025\/10\/09\/grobowce-cesarskie-w-wietnamie\/img_20250205_113155\/'><img loading=\"lazy\" decoding=\"async\" width=\"577\" height=\"1024\" src=\"https:\/\/www.belferwpodrozy.pl\/wp-content\/uploads\/2025\/10\/IMG_20250205_113155-577x1024.jpg?v=1759426054\" class=\"attachment-large size-large\" alt=\"\" srcset=\"https:\/\/www.belferwpodrozy.pl\/wp-content\/uploads\/2025\/10\/IMG_20250205_113155-577x1024.jpg?v=1759426054 577w, https:\/\/www.belferwpodrozy.pl\/wp-content\/uploads\/2025\/10\/IMG_20250205_113155-169x300.jpg?v=1759426054 169w, https:\/\/www.belferwpodrozy.pl\/wp-content\/uploads\/2025\/10\/IMG_20250205_113155-768x1364.jpg?v=1759426054 768w, https:\/\/www.belferwpodrozy.pl\/wp-content\/uploads\/2025\/10\/IMG_20250205_113155.jpg?v=1759426054 1153w\" sizes=\"auto, (max-width: 577px) 100vw, 577px\" \/><\/a>\n\t\t\t<\/dt><\/dl><dl class='gallery-item'>\n\t\t\t<dt class='gallery-icon portrait'>\n\t\t\t\t<a href='https:\/\/www.belferwpodrozy.pl\/index.php\/2025\/10\/09\/grobowce-cesarskie-w-wietnamie\/img_20250205_112440\/'><img loading=\"lazy\" decoding=\"async\" width=\"577\" height=\"1024\" src=\"https:\/\/www.belferwpodrozy.pl\/wp-content\/uploads\/2025\/10\/IMG_20250205_112440-577x1024.jpg?v=1759426056\" class=\"attachment-large size-large\" alt=\"\" srcset=\"https:\/\/www.belferwpodrozy.pl\/wp-content\/uploads\/2025\/10\/IMG_20250205_112440-577x1024.jpg?v=1759426056 577w, https:\/\/www.belferwpodrozy.pl\/wp-content\/uploads\/2025\/10\/IMG_20250205_112440-169x300.jpg?v=1759426056 169w, https:\/\/www.belferwpodrozy.pl\/wp-content\/uploads\/2025\/10\/IMG_20250205_112440-768x1364.jpg?v=1759426056 768w, https:\/\/www.belferwpodrozy.pl\/wp-content\/uploads\/2025\/10\/IMG_20250205_112440.jpg?v=1759426056 1153w\" sizes=\"auto, (max-width: 577px) 100vw, 577px\" \/><\/a>\n\t\t\t<\/dt><\/dl><br style=\"clear: both\" \/>\n\t\t<\/div>\n\n<\/div>\n<div><\/div>\n<h4><span class=\"ez-toc-section\" id=\"Tajemnica_pochowku\"><\/span><span style=\"color: #0000ff;\">Tajemnica poch\u00f3wku<\/span><span class=\"ez-toc-section-end\"><\/span><\/h4>\n<div>Jedn\u0105 z najwi\u0119kszych tajemnic zwi\u0105zan\u0105 z grobowcem jest to, \u017ce cia\u0142o cesarza wcale nie spoczywa w tym miejscu. W obawie przed grabie\u017c\u0105 cesarz nakaza\u0142 pochowa\u0107 si\u0119 w nieznanej sekretnej lokalizacji. M\u00f3wi si\u0119, \u017ce osoby kt\u00f3re pomaga\u0142y w poch\u00f3wku zosta\u0142y po ceremonii stracone, aby nigdy nie wyjawi\u0142y prawdziwego miejsca spoczynku.\u00a0 Natomiast\u00a0 w przygotowanym grobowcu, w specjalnym sarkofagu, spoczywaj\u0105 jedynie jego \u017cona i adoptowany syn. Warto tutaj wspomnie\u0107, \u017ce cesarz wszystkich \u017con mia\u0142 a\u017c 104! Do tego niezliczon\u0105 ilo\u015b\u0107 konkubin&#8230; Jednak z \u017cadn\u0105 z kobiet nie doczeka\u0142 si\u0119 potomka.<\/div>\n<div><img loading=\"lazy\" decoding=\"async\" class=\"aligncenter wp-image-2999 size-large\" src=\"http:\/\/www.belferwpodrozy.pl\/wp-content\/uploads\/2025\/10\/IMG_20250205_113132-577x1024.jpg\" alt=\"\" width=\"577\" height=\"1024\" srcset=\"https:\/\/www.belferwpodrozy.pl\/wp-content\/uploads\/2025\/10\/IMG_20250205_113132-577x1024.jpg?v=1759426230 577w, https:\/\/www.belferwpodrozy.pl\/wp-content\/uploads\/2025\/10\/IMG_20250205_113132-169x300.jpg?v=1759426230 169w, https:\/\/www.belferwpodrozy.pl\/wp-content\/uploads\/2025\/10\/IMG_20250205_113132-768x1364.jpg?v=1759426230 768w, https:\/\/www.belferwpodrozy.pl\/wp-content\/uploads\/2025\/10\/IMG_20250205_113132.jpg?v=1759426230 1153w\" sizes=\"auto, (max-width: 577px) 100vw, 577px\" \/><\/div>\n<div><\/div>\n<div>Na terenie grobowca znajduje si\u0119 najwi\u0119ksza w Wietnamie kamienna stela, wa\u017c\u0105ca oko\u0142o 20 ton. Zosta\u0142a zapisana przez samego cesarza, co jest wyj\u0105tkowym przypadkiem. Tu Duck napisa\u0142 na niej szczer\u0105 autobiografi\u0119, otwarcie przyznawa\u0142 si\u0119 do swoich wad i niepowodze\u0144 w \u017cyciu jak i w rz\u0105dach.<\/div>\n<div><\/div>\n<div><\/div>\n<div>Cesarz by\u0142 znany ze swojej poetyckiej duszy i zami\u0142owania do sztuki. Ca\u0142y kompleks grobowy odzwierciedla t\u0119 natur\u0119 &#8211; jest harmonijnie wkomponowany w otaczaj\u0105c\u0105 przyrod\u0119, z licznymi jeziorami, stawami, lotosowymi mostami i pawilonami. To miejsce sprawia wra\u017cenie bardziej malowniczego parku ni\u017c mauzoleum. w jednym z pawilon\u00f3w herbacianych\u00a0Xung Khiem uwielbia\u0142 przesiadywa\u0107 i pisa\u0107 wiersze. Do dnia dzisiejszego zachowa\u0142o si\u0119 ich oko\u0142o 4000!<\/div>\n<div><\/div>\n<h4><span class=\"ez-toc-section\" id=\"Zwiedzanie_grobowcow\"><\/span><span style=\"color: #0000ff;\">Zwiedzanie grobowc\u00f3w.<\/span><span class=\"ez-toc-section-end\"><\/span><\/h4>\n<p>W okolicach Hue znajduje si\u0119 jeszcze kilka innych grobowc\u00f3w. Czy warto je zobaczy\u0107? My\u015bl\u0119 \u017ce tak! za ka\u017cdym kryje si\u0119 nie tylko historia panuj\u0105cego cesarza, ale r\u00f3wnie\u017c wspania\u0142a architektura, kt\u00f3ra odzwierciedla charakter panuj\u0105cego. Znajdziecie tu zatem:<\/p>\n<ul>\n<li>Grobowiec\u00a0Khai Dinh<\/li>\n<li>Grobowiec\u00a0Tu Duck<\/li>\n<li>Grobowiec Minh Manga<\/li>\n<li>Grobowiec\u00a0Dong Khanha<\/li>\n<li>Grobowiec\u00a0Gia Longa<\/li>\n<\/ul>\n<p>Wej\u015bcie na teren ka\u017cdego z grobowc\u00f3w jest p\u0142atne. Warto jednak rozwa\u017cy\u0107 zakup biletu \u0142\u0105czonego, a szczeg\u00f3\u0142owe ceny i godziny otwarcia znajdziesz <a href=\"https:\/\/www.huedisan.com.vn.\">tutaj<\/a>.<\/p>\n<div><\/div>\n<div><\/div>\n<p>&nbsp;<\/p>\n","protected":false},"excerpt":{"rendered":"<p>Pojecha\u0107 do Wietnamu i nie zobaczy\u0107 \u017cadnych grobowc\u00f3w? Niemo\u017cliwe! Co prawda zdecydowanie wol\u0119 lokalne nekropolie, ale grobowcami w\u0142adc\u00f3w te\u017c nie pogardz\u0119. Zw\u0142aszcza, \u017ce ci cz\u0119sto mieli koncert \u017cycze\u0144 co do swojego poch\u00f3wku. W \u015brodkowej cz\u0119\u015bci Wietnamu, nieopodal Cesarskiego Miasta Hue, znajduje si\u0119 kompleks cesarskich grobowc\u00f3w nale\u017c\u0105cych do dynastii Ngueyn. Warto nadmieni\u0107, i\u017c pochodzi\u0142o z niej [&hellip;]<\/p>\n","protected":false},"author":2,"featured_media":3001,"comment_status":"open","ping_status":"open","sticky":false,"template":"","format":"standard","meta":{"footnotes":""},"categories":[14,8,4,72],"tags":[],"class_list":["post-2821","post","type-post","status-publish","format-standard","has-post-thumbnail","category-architektura","category-ciekawe-miejsca","category-swiat","category-wietnam","czr-hentry"],"_links":{"self":[{"href":"https:\/\/www.belferwpodrozy.pl\/index.php\/wp-json\/wp\/v2\/posts\/2821","targetHints":{"allow":["GET"]}}],"collection":[{"href":"https:\/\/www.belferwpodrozy.pl\/index.php\/wp-json\/wp\/v2\/posts"}],"about":[{"href":"https:\/\/www.belferwpodrozy.pl\/index.php\/wp-json\/wp\/v2\/types\/post"}],"author":[{"embeddable":true,"href":"https:\/\/www.belferwpodrozy.pl\/index.php\/wp-json\/wp\/v2\/users\/2"}],"replies":[{"embeddable":true,"href":"https:\/\/www.belferwpodrozy.pl\/index.php\/wp-json\/wp\/v2\/comments?post=2821"}],"version-history":[{"count":7,"href":"https:\/\/www.belferwpodrozy.pl\/index.php\/wp-json\/wp\/v2\/posts\/2821\/revisions"}],"predecessor-version":[{"id":3003,"href":"https:\/\/www.belferwpodrozy.pl\/index.php\/wp-json\/wp\/v2\/posts\/2821\/revisions\/3003"}],"wp:featuredmedia":[{"embeddable":true,"href":"https:\/\/www.belferwpodrozy.pl\/index.php\/wp-json\/wp\/v2\/media\/3001"}],"wp:attachment":[{"href":"https:\/\/www.belferwpodrozy.pl\/index.php\/wp-json\/wp\/v2\/media?parent=2821"}],"wp:term":[{"taxonomy":"category","embeddable":true,"href":"https:\/\/www.belferwpodrozy.pl\/index.php\/wp-json\/wp\/v2\/categories?post=2821"},{"taxonomy":"post_tag","embeddable":true,"href":"https:\/\/www.belferwpodrozy.pl\/index.php\/wp-json\/wp\/v2\/tags?post=2821"}],"curies":[{"name":"wp","href":"https:\/\/api.w.org\/{rel}","templated":true}]}}