{"id":3165,"date":"2026-09-01T21:40:06","date_gmt":"2026-09-01T19:40:06","guid":{"rendered":"https:\/\/www.belferwpodrozy.pl\/?p=3165"},"modified":"2026-09-01T21:40:07","modified_gmt":"2026-09-01T19:40:07","slug":"park-romantyczny-arkadia-ogrod-w-ktorym-ruiny-zbudowano-od-razu-jako-ruiny","status":"publish","type":"post","link":"https:\/\/www.belferwpodrozy.pl\/index.php\/2026\/09\/01\/park-romantyczny-arkadia-ogrod-w-ktorym-ruiny-zbudowano-od-razu-jako-ruiny\/","title":{"rendered":"Park Romantyczny Arkadia \u2013 ogr\u00f3d, w kt\u00f3rym ruiny zbudowano\u2026 od razu jako ruiny"},"content":{"rendered":"\n<p class=\"wp-block-paragraph\">S\u0105 miejsca, kt\u00f3re zachwycaj\u0105 pi\u0119knem. S\u0105 te\u017c takie, kt\u00f3re opowiadaj\u0105 histori\u0119. A potem jest Arkadia \u2013 niezwyk\u0142y park niedaleko Nieborowa, gdzie niemal ka\u017cdy kamie\u0144 zosta\u0142 u\u0142o\u017cony po to, by wywo\u0142ywa\u0107 emocje. To nie jest zwyk\u0142y ogr\u00f3d. To XVIII-wieczna opowie\u015b\u0107 o mi\u0142o\u015bci, przemijaniu, marzeniach i t\u0119sknocie za \u015bwiatem, kt\u00f3rego&#8230; nigdy nie by\u0142o.<\/p>\n\n\n\n<p class=\"wp-block-paragraph\">Co najciekawsze, wiele znajduj\u0105cych si\u0119 tutaj budowli od pocz\u0105tku projektowano jako ruiny. Nie zawali\u0142y si\u0119 z up\u0142ywem czasu \u2013 mia\u0142y wygl\u0105da\u0107 na stare ju\u017c w dniu uko\u0144czenia. Taki w\u0142a\u015bnie by\u0142 urok romantyzmu.<\/p>\n\n\n<div class=\"wp-block-image\">\n<figure class=\"aligncenter size-large\"><img loading=\"lazy\" decoding=\"async\" width=\"577\" height=\"1024\" src=\"http:\/\/www.belferwpodrozy.pl\/wp-content\/uploads\/2026\/08\/IMG_20260807_120837-577x1024.jpg\" alt=\"\" class=\"wp-image-3178\" srcset=\"https:\/\/www.belferwpodrozy.pl\/wp-content\/uploads\/2026\/08\/IMG_20260807_120837-577x1024.jpg?v=1786991580 577w, https:\/\/www.belferwpodrozy.pl\/wp-content\/uploads\/2026\/08\/IMG_20260807_120837-169x300.jpg?v=1786991580 169w, https:\/\/www.belferwpodrozy.pl\/wp-content\/uploads\/2026\/08\/IMG_20260807_120837-768x1364.jpg?v=1786991580 768w, https:\/\/www.belferwpodrozy.pl\/wp-content\/uploads\/2026\/08\/IMG_20260807_120837-865x1536.jpg?v=1786991580 865w, https:\/\/www.belferwpodrozy.pl\/wp-content\/uploads\/2026\/08\/IMG_20260807_120837.jpg?v=1786991580 1153w\" sizes=\"auto, (max-width: 577px) 100vw, 577px\" \/><\/figure>\n<\/div>\n\n\n<p class=\"wp-block-paragraph\"><strong>Historia niezwyk\u0142ego ogrodu<\/strong><\/p>\n\n\n\n<p class=\"wp-block-paragraph\">Historia Arkadii rozpocz\u0119\u0142a si\u0119 w 1778 roku, kiedy Helena z Prze\u017adzieckich Radziwi\u0142\u0142owa, \u017cona ksi\u0119cia Micha\u0142a Hieronima Radziwi\u0142\u0142a, postanowi\u0142a stworzy\u0107 w\u0142asn\u0105 wersj\u0119 mitycznej Arkadii \u2013 krainy szcz\u0119\u015bcia, spokoju i harmonii. Teren dawnej wsi \u0141upia zosta\u0142 przekszta\u0142cony w jeden z pierwszych ogrod\u00f3w krajobrazowych w Polsce, zaprojektowany w modnym w\u00f3wczas stylu angielskim. Nad realizacj\u0105 czuwa\u0142 wybitny architekt Szymon Bogumi\u0142 Zug, a p\u00f3\u017aniej tak\u017ce Henryk Ittar. Przy tworzeniu dekoracji uczestniczyli r\u00f3wnie\u017c Jan Piotr Norblin i Aleksander Or\u0142owski.<\/p>\n\n\n\n<p class=\"wp-block-paragraph\">Park powstawa\u0142 przez ponad czterdzie\u015bci lat. Pocz\u0105tkowo mia\u0142 charakter sentymentalny, jednak po rozbiorach Polski Helena zacz\u0119\u0142a nadawa\u0107 mu coraz bardziej romantyczny i patriotyczny wyd\u017awi\u0119k. Spacer po Arkadii mia\u0142 przypomina\u0107 podr\u00f3\u017c przez ludzkie \u017cycie \u2013 od m\u0142odo\u015bci, przez zachwyt \u015bwiatem, a\u017c po refleksj\u0119 nad przemijaniem.<\/p>\n\n\n\n<p class=\"wp-block-paragraph\"><strong>Kim by\u0142a Helena Radziwi\u0142\u0142owa?<\/strong><\/p>\n\n\n\n<p class=\"wp-block-paragraph\">Helena Radziwi\u0142\u0142owa (1753\u20131821) nale\u017ca\u0142a do najbardziej wykszta\u0142conych kobiet swojej epoki. Interesowa\u0142a si\u0119 sztuk\u0105, literatur\u0105, filozofi\u0105 i architektur\u0105 ogrodow\u0105. Podr\u00f3\u017cowa\u0142a po Europie, odwiedzaj\u0105c najpi\u0119kniejsze rezydencje i ogrody, z kt\u00f3rych czerpa\u0142a inspiracje.<\/p>\n\n\n\n<p class=\"wp-block-paragraph\">Nie by\u0142a jedynie fundatork\u0105. Sama planowa\u0142a kompozycj\u0119 ogrodu, dobiera\u0142a rze\u017aby, zamawia\u0142a elementy architektoniczne, sprowadza\u0142a antyczne detale i decydowa\u0142a o symbolice niemal ka\u017cdej budowli. Dzi\u0119ki temu Arkadia sta\u0142a si\u0119 niezwykle osobistym dzie\u0142em, b\u0119d\u0105cym odzwierciedleniem jej zainteresowa\u0144 i wra\u017cliwo\u015bci.<\/p>\n\n\n\n<p class=\"wp-block-paragraph\"><strong>Dlaczego w Arkadii tyle ruin?<\/strong><\/p>\n\n\n\n<p class=\"wp-block-paragraph\">W XVIII wieku modne sta\u0142o si\u0119 tworzenie tzw. folly, czyli dekoracyjnych budowli udaj\u0105cych staro\u017cytne ruiny. Mia\u0142y pobudza\u0107 wyobra\u017ani\u0119 i zach\u0119ca\u0107 do refleksji nad przemijaniem ludzkiego \u017cycia oraz pot\u0119g\u0105 czasu. Dlatego w\u0142a\u015bnie w Arkadii znajdziemy akwedukt, \u015bwi\u0105tynie, gotyckie domki czy grobowce, kt\u00f3re nigdy nie pe\u0142ni\u0142y swoich pierwotnych funkcji. By\u0142y teatraln\u0105 scenografi\u0105 dla spaceruj\u0105cych go\u015bci.<\/p>\n\n\n\n<p class=\"wp-block-paragraph\"><strong>\u015awi\u0105tynia Diany<\/strong><\/p>\n\n\n\n<p class=\"wp-block-paragraph\">To bez w\u0105tpienia najwa\u017cniejsza budowla ca\u0142ego za\u0142o\u017cenia. Powsta\u0142a w latach 1783\u20131785 jako klasycystyczna \u015bwi\u0105tynia po\u015bwi\u0119cona Dianie \u2013 bogini \u0142ow\u00f3w i natury. Wewn\u0105trz znajduj\u0105 si\u0119 reprezentacyjny Panteon, Gabinet Etruski oraz owalna sypialnia. Zachowa\u0142 si\u0119 r\u00f3wnie\u017c przepi\u0119kny plafon przedstawiaj\u0105cy Jutrzenk\u0119, autorstwa Jana Piotra Norblina. \u015awi\u0105tynia by\u0142a miejscem prezentacji kolekcji antycznych rze\u017ab i dzie\u0142 sztuki nale\u017c\u0105cych do Heleny Radziwi\u0142\u0142owej.<\/p>\n\n\n\n<figure class=\"wp-block-gallery has-nested-images columns-default is-cropped wp-block-gallery-1 is-layout-flex wp-block-gallery-is-layout-flex\">\n<figure class=\"wp-block-image size-large\"><img loading=\"lazy\" decoding=\"async\" width=\"577\" height=\"1024\" data-id=\"3170\" src=\"https:\/\/www.belferwpodrozy.pl\/wp-content\/uploads\/2026\/08\/IMG_20260807_122859-577x1024.jpg?v=1786991546\" alt=\"\" class=\"wp-image-3170\" srcset=\"https:\/\/www.belferwpodrozy.pl\/wp-content\/uploads\/2026\/08\/IMG_20260807_122859-577x1024.jpg?v=1786991546 577w, https:\/\/www.belferwpodrozy.pl\/wp-content\/uploads\/2026\/08\/IMG_20260807_122859-169x300.jpg?v=1786991546 169w, https:\/\/www.belferwpodrozy.pl\/wp-content\/uploads\/2026\/08\/IMG_20260807_122859-768x1364.jpg?v=1786991546 768w, https:\/\/www.belferwpodrozy.pl\/wp-content\/uploads\/2026\/08\/IMG_20260807_122859-865x1536.jpg?v=1786991546 865w, https:\/\/www.belferwpodrozy.pl\/wp-content\/uploads\/2026\/08\/IMG_20260807_122859.jpg?v=1786991546 1153w\" sizes=\"auto, (max-width: 577px) 100vw, 577px\" \/><\/figure>\n\n\n\n<figure class=\"wp-block-image size-large\"><img loading=\"lazy\" decoding=\"async\" width=\"577\" height=\"1024\" data-id=\"3177\" src=\"https:\/\/www.belferwpodrozy.pl\/wp-content\/uploads\/2026\/08\/IMG_20260807_121949-577x1024.jpg?v=1786991577\" alt=\"\" class=\"wp-image-3177\" srcset=\"https:\/\/www.belferwpodrozy.pl\/wp-content\/uploads\/2026\/08\/IMG_20260807_121949-577x1024.jpg?v=1786991577 577w, https:\/\/www.belferwpodrozy.pl\/wp-content\/uploads\/2026\/08\/IMG_20260807_121949-169x300.jpg?v=1786991577 169w, https:\/\/www.belferwpodrozy.pl\/wp-content\/uploads\/2026\/08\/IMG_20260807_121949-768x1363.jpg?v=1786991577 768w, https:\/\/www.belferwpodrozy.pl\/wp-content\/uploads\/2026\/08\/IMG_20260807_121949-866x1536.jpg?v=1786991577 866w, https:\/\/www.belferwpodrozy.pl\/wp-content\/uploads\/2026\/08\/IMG_20260807_121949.jpg?v=1786991577 1154w\" sizes=\"auto, (max-width: 577px) 100vw, 577px\" \/><\/figure>\n<\/figure>\n\n\n\n<p class=\"wp-block-paragraph\"><strong>Grota Sybilli<\/strong><\/p>\n\n\n\n<p class=\"wp-block-paragraph\">Jedna z pierwszych budowli powsta\u0142ych w parku. Zosta\u0142a usypana z ogromnych g\u0142az\u00f3w narzutowych i mia\u0142a przypomina\u0107 tajemnicz\u0105 jaskini\u0119 staro\u017cytnej wieszczki. W romantyzmie groty symbolizowa\u0142y miejsce kontaktu z natur\u0105, tajemnic\u0105 i \u015bwiatem duchowym. Panuj\u0105cy wewn\u0105trz p\u00f3\u0142mrok mia\u0142 sk\u0142ania\u0107 do zadumy.<\/p>\n\n\n\n<p class=\"wp-block-paragraph\"><strong>Przybytek Arcykap\u0142ana<\/strong><\/p>\n\n\n\n<p class=\"wp-block-paragraph\">To jedna z najbardziej niezwyk\u0142ych sztucznych ruin w Polsce. Powsta\u0142a oko\u0142o 1783 roku jako budowla wygl\u0105daj\u0105ca na znacznie starsz\u0105 ni\u017c by\u0142a w rzeczywisto\u015bci.<\/p>\n\n\n\n<p class=\"wp-block-paragraph\">Do jej budowy wykorzystano ceg\u0142y, rud\u0119 darniow\u0105 oraz autentyczne renesansowe i gotyckie detale architektoniczne pochodz\u0105ce z rozbieranych obiekt\u00f3w. W murach umieszczono hermy, maskarony i liczne kamienne ozdoby. Ca\u0142o\u015b\u0107 mia\u0142a sprawia\u0107 wra\u017cenie tajemniczego sanktuarium odkrytego po wiekach.<\/p>\n\n\n<div class=\"wp-block-image\">\n<figure class=\"aligncenter size-large\"><img loading=\"lazy\" decoding=\"async\" width=\"577\" height=\"1024\" src=\"http:\/\/www.belferwpodrozy.pl\/wp-content\/uploads\/2026\/08\/IMG_20260807_115110-577x1024.jpg\" alt=\"\" class=\"wp-image-3176\" srcset=\"https:\/\/www.belferwpodrozy.pl\/wp-content\/uploads\/2026\/08\/IMG_20260807_115110-577x1024.jpg?v=1786991574 577w, https:\/\/www.belferwpodrozy.pl\/wp-content\/uploads\/2026\/08\/IMG_20260807_115110-169x300.jpg?v=1786991574 169w, https:\/\/www.belferwpodrozy.pl\/wp-content\/uploads\/2026\/08\/IMG_20260807_115110-768x1364.jpg?v=1786991574 768w, https:\/\/www.belferwpodrozy.pl\/wp-content\/uploads\/2026\/08\/IMG_20260807_115110-865x1536.jpg?v=1786991574 865w, https:\/\/www.belferwpodrozy.pl\/wp-content\/uploads\/2026\/08\/IMG_20260807_115110.jpg?v=1786991574 1153w\" sizes=\"auto, (max-width: 577px) 100vw, 577px\" \/><\/figure>\n<\/div>\n\n\n<p class=\"wp-block-paragraph\"><strong>Akwedukt<\/strong><\/p>\n\n\n\n<p class=\"wp-block-paragraph\">Cho\u0107 wygl\u0105da jak fragment rzymskiego wodoci\u0105gu, nigdy nim nie by\u0142. Powsta\u0142 w 1784 roku jako romantyczna dekoracja i jednocze\u015bnie most nad wod\u0105. Mia\u0142 przywo\u0142ywa\u0107 wspomnienie pot\u0119gi staro\u017cytnego Rzymu. W XIX wieku zosta\u0142 rozebrany, a obecny wygl\u0105d zawdzi\u0119cza powojennej rekonstrukcji.<\/p>\n\n\n\n<figure class=\"wp-block-image size-large\"><img loading=\"lazy\" decoding=\"async\" width=\"768\" height=\"1024\" src=\"http:\/\/www.belferwpodrozy.pl\/wp-content\/uploads\/2026\/08\/1786995912711-768x1024.jpg\" alt=\"\" class=\"wp-image-3180\" srcset=\"https:\/\/www.belferwpodrozy.pl\/wp-content\/uploads\/2026\/08\/1786995912711-768x1024.jpg?v=1786995740 768w, https:\/\/www.belferwpodrozy.pl\/wp-content\/uploads\/2026\/08\/1786995912711-225x300.jpg?v=1786995740 225w, https:\/\/www.belferwpodrozy.pl\/wp-content\/uploads\/2026\/08\/1786995912711-1152x1536.jpg?v=1786995740 1152w, https:\/\/www.belferwpodrozy.pl\/wp-content\/uploads\/2026\/08\/1786995912711.jpg?v=1786995740 1536w\" sizes=\"auto, (max-width: 768px) 100vw, 768px\" \/><\/figure>\n\n\n\n<p class=\"wp-block-paragraph\"><strong>\u0141uk Kamienny<\/strong><\/p>\n\n\n\n<p class=\"wp-block-paragraph\">To monumentalna kamienna brama ustawiona na g\u0142\u00f3wnej osi widokowej ogrodu. Nie prowadzi do \u017cadnego miasta ani zamku. Jej zadaniem by\u0142o tworzenie efektownej ramy dla widoku \u015awi\u0105tyni Diany i podkre\u015blanie teatralnego charakteru ca\u0142ego za\u0142o\u017cenia.<\/p>\n\n\n\n<p class=\"wp-block-paragraph\"><strong>Domek Gotycki<\/strong><\/p>\n\n\n\n<p class=\"wp-block-paragraph\">Wybudowany w latach 1795\u20131797 reprezentuje modny w\u00f3wczas neogotyk. Po wojnach napoleo\u0144skich Helena urz\u0105dzi\u0142a tu symboliczne \u201emieszkanie rycerza\u201d, po\u015bwi\u0119cone swojemu synowi Micha\u0142owi Gedeonowi Radziwi\u0142\u0142owi. Wn\u0119trza wype\u0142ni\u0142y militaria i rodzinne pami\u0105tki, nadaj\u0105c budowli bardzo osobisty charakter.<\/p>\n\n\n<div class=\"wp-block-image\">\n<figure class=\"aligncenter size-large\"><img loading=\"lazy\" decoding=\"async\" width=\"577\" height=\"1024\" src=\"http:\/\/www.belferwpodrozy.pl\/wp-content\/uploads\/2026\/08\/IMG_20260807_114318-577x1024.jpg\" alt=\"\" class=\"wp-image-3171\" srcset=\"https:\/\/www.belferwpodrozy.pl\/wp-content\/uploads\/2026\/08\/IMG_20260807_114318-577x1024.jpg?v=1786991551 577w, https:\/\/www.belferwpodrozy.pl\/wp-content\/uploads\/2026\/08\/IMG_20260807_114318-169x300.jpg?v=1786991551 169w, https:\/\/www.belferwpodrozy.pl\/wp-content\/uploads\/2026\/08\/IMG_20260807_114318-768x1364.jpg?v=1786991551 768w, https:\/\/www.belferwpodrozy.pl\/wp-content\/uploads\/2026\/08\/IMG_20260807_114318-865x1536.jpg?v=1786991551 865w, https:\/\/www.belferwpodrozy.pl\/wp-content\/uploads\/2026\/08\/IMG_20260807_114318.jpg?v=1786991551 1153w\" sizes=\"auto, (max-width: 577px) 100vw, 577px\" \/><\/figure>\n<\/div>\n\n\n<p class=\"wp-block-paragraph\"><strong>Dom Murgrabiego<\/strong><\/p>\n\n\n\n<p class=\"wp-block-paragraph\">Powsta\u0142 mniej wi\u0119cej w tym samym czasie co Domek Gotycki. Jego niewielka wie\u017ca oraz dekoracje z czerwonej ceg\u0142y sprawiaj\u0105 wra\u017cenie \u015bredniowiecznego zamku. W rzeczywisto\u015bci nigdy nie by\u0142 zamkiem \u2013 od pocz\u0105tku stanowi\u0142 element romantycznej scenografii.<\/p>\n\n\n\n<p class=\"wp-block-paragraph\"><strong>Grobowiec na Wyspie Topolowej<\/strong><\/p>\n\n\n\n<p class=\"wp-block-paragraph\">Jedno z najbardziej symbolicznych miejsc w Arkadii. Nagrobek inspirowany by\u0142 grobem filozofa Jeana-Jacques&#8217;a Rousseau. Umieszczono na nim s\u0142ynny napis \u201eEt in Arcadia ego\u201d, przypominaj\u0105cy, \u017ce nawet w najpi\u0119kniejszym miejscu obecna jest \u015bmier\u0107. Po \u015bmierci Heleny grobowiec uleg\u0142 zniszczeniu, jednak wsp\u00f3\u0142cze\u015bnie zosta\u0142 cz\u0119\u015bciowo odtworzony.<\/p>\n\n\n\n<p class=\"wp-block-paragraph\"><strong>Cyrk Rzymski i Amfiteatr<\/strong><\/p>\n\n\n\n<p class=\"wp-block-paragraph\">Helena inspirowa\u0142a si\u0119 r\u00f3wnie\u017c architektur\u0105 antyczn\u0105. Dlatego na terenie parku powsta\u0142y stylizowane pozosta\u0142o\u015bci rzymskiego cyrku oraz niewielkiego amfiteatru.Nigdy nie organizowano tu igrzysk ani wielkich widowisk \u2013 by\u0142y to elementy krajobrazu maj\u0105ce pobudza\u0107 wyobra\u017ani\u0119 spacerowicz\u00f3w.<\/p>\n\n\n\n<p class=\"wp-block-paragraph\"><strong>Kaskada i Chata przy Wodospadzie<\/strong><\/p>\n\n\n\n<p class=\"wp-block-paragraph\">To jedne z pierwszych element\u00f3w ca\u0142ego za\u0142o\u017cenia. Szum wody mia\u0142 stanowi\u0107 naturaln\u0105 muzyk\u0119 dla spaceruj\u0105cych go\u015bci, a niewielka rustykalna chata przypomina\u0142a o prostym, sielskim \u017cyciu zgodnym z natur\u0105.<\/p>\n\n\n\n<p class=\"wp-block-paragraph\"><strong>Nieistniej\u0105ce budowle<\/strong><\/p>\n\n\n\n<p class=\"wp-block-paragraph\">Przez ponad dwa stulecia cz\u0119\u015b\u0107 obiekt\u00f3w znikn\u0119\u0142a. Dawniej w Arkadii mo\u017cna by\u0142o zobaczy\u0107 mi\u0119dzy innymi Chatki Filemona i Baucydy, Bram\u0119 Czasu, Wysp\u0119 Ofiar z kr\u0119giem o\u0142tarzy czy Zak\u0105tek Melancholii. Wszystkie wsp\u00f3\u0142tworzy\u0142y niezwykle rozbudowany program symboliczny ogrodu.<\/p>\n\n\n<div class=\"wp-block-image\">\n<figure class=\"aligncenter size-large\"><img loading=\"lazy\" decoding=\"async\" width=\"577\" height=\"1024\" src=\"http:\/\/www.belferwpodrozy.pl\/wp-content\/uploads\/2026\/08\/IMG_20260807_120310-577x1024.jpg\" alt=\"\" class=\"wp-image-3181\" srcset=\"https:\/\/www.belferwpodrozy.pl\/wp-content\/uploads\/2026\/08\/IMG_20260807_120310-577x1024.jpg?v=1786995839 577w, https:\/\/www.belferwpodrozy.pl\/wp-content\/uploads\/2026\/08\/IMG_20260807_120310-169x300.jpg?v=1786995839 169w, https:\/\/www.belferwpodrozy.pl\/wp-content\/uploads\/2026\/08\/IMG_20260807_120310-768x1364.jpg?v=1786995839 768w, https:\/\/www.belferwpodrozy.pl\/wp-content\/uploads\/2026\/08\/IMG_20260807_120310-865x1536.jpg?v=1786995839 865w, https:\/\/www.belferwpodrozy.pl\/wp-content\/uploads\/2026\/08\/IMG_20260807_120310.jpg?v=1786995839 1153w\" sizes=\"auto, (max-width: 577px) 100vw, 577px\" \/><\/figure>\n<\/div>\n\n\n<p class=\"wp-block-paragraph\"><strong>Arkadia w praktyce \u2013 jak zaplanowa\u0107 zwiedzanie?<\/strong><\/p>\n\n\n\n<p class=\"wp-block-paragraph\">Je\u017celi po przeczytaniu historii Arkadii macie ochot\u0119 zobaczy\u0107 te wszystkie romantyczne ruiny na w\u0142asne oczy, mam dobr\u0105 wiadomo\u015b\u0107 \u2013 park mo\u017cna zwiedza\u0107 przez ca\u0142y rok. Warto jednak sprawdzi\u0107 godziny otwarcia przed wyjazdem, poniewa\u017c zmieniaj\u0105 si\u0119 one zale\u017cnie od pory roku.<\/p>\n\n\n\n<p class=\"wp-block-paragraph\"><strong>Godziny otwarcia<\/strong> &#8211; rok 2026<\/p>\n\n\n\n<p class=\"wp-block-paragraph\">Ogrody w Arkadii s\u0105 obecnie otwarte:<\/p>\n\n\n\n<p class=\"wp-block-paragraph\">&#8211; od stycznia do marca: codziennie 10:00\u201316:00,<\/p>\n\n\n\n<p class=\"wp-block-paragraph\">&#8211; od kwietnia do wrze\u015bnia: codziennie 10:00\u201318:00,<\/p>\n\n\n\n<p class=\"wp-block-paragraph\">&#8211; w pa\u017adzierniku: codziennie 10:00\u201316:00,<\/p>\n\n\n\n<p class=\"wp-block-paragraph\">&#8211; w listopadzie i grudniu: codziennie 10:00\u201316:00.<\/p>\n\n\n\n<p class=\"wp-block-paragraph\">W okresie kwiecie\u0144\u2013wrzesie\u0144 oraz w pa\u017adzierniku poniedzia\u0142ki s\u0105 dniami bezp\u0142atnego wst\u0119pu. Muzeum zastrzega sobie jednak mo\u017cliwo\u015b\u0107 zamkni\u0119cia ogrodu przy trudnych warunkach atmosferycznych, dlatego przed wyjazdem dobrze jest zajrze\u0107 na oficjaln\u0105 stron\u0119 muzeum.<\/p>\n\n\n\n<p class=\"wp-block-paragraph\"><strong>Ile kosztuje wej\u015bcie do Arkadii?<\/strong> (rok 2026)<\/p>\n\n\n\n<p class=\"wp-block-paragraph\">Aktualny bilet do Ogrodu w Arkadii kosztuje:<\/p>\n\n\n\n<p class=\"wp-block-paragraph\">&#8211; 16 z\u0142 \u2013 bilet normalny,<\/p>\n\n\n\n<p class=\"wp-block-paragraph\">&#8211; 10 z\u0142 \u2013 bilet ulgowy,<\/p>\n\n\n\n<p class=\"wp-block-paragraph\">&#8211; 1 z\u0142 \u2013 dzieci i m\u0142odzie\u017c ucz\u0105ca si\u0119 do 26. roku \u017cycia,<\/p>\n\n\n\n<p class=\"wp-block-paragraph\">&#8211; dzieci do 7 lat \u2013 bezp\u0142atnie.<\/p>\n\n\n\n<p class=\"wp-block-paragraph\">Mo\u017cna r\u00f3wnie\u017c kupi\u0107 bilet \u0142\u0105czony obejmuj\u0105cy Arkadi\u0119, Ogr\u00f3d w Nieborowie oraz Manufaktur\u0119 Majoliki. Kosztuje on 30 z\u0142 normalny, 20 z\u0142 ulgowy i 2 z\u0142 dla dzieci i m\u0142odzie\u017cy ucz\u0105cej si\u0119 do 26 lat. Je\u017celi wi\u0119c planujecie odwiedzi\u0107 zar\u00f3wno Niebor\u00f3w, jak i Arkadi\u0119, bilet \u0142\u0105czony zdecydowanie ma wi\u0119cej sensu ni\u017c kupowanie wej\u015bci\u00f3wek osobno. Warto te\u017c pami\u0119ta\u0107, \u017ce Karta Du\u017cej Rodziny daje mo\u017cliwo\u015b\u0107 zakupu biletu za 50% ceny biletu normalnego.<\/p>\n\n\n\n<p class=\"wp-block-paragraph\"><strong>A co z psem?<\/strong><\/p>\n\n\n\n<p class=\"wp-block-paragraph\">I tutaj Arkadia bardzo pozytywnie mnie zaskoczy\u0142a. Do parku mo\u017cna wej\u015b\u0107 z psem! Pies musi by\u0107 jednak prowadzony na smyczy, a przy wej\u015bciu trzeba wykupi\u0107 op\u0142at\u0119 w wysoko\u015bci 7 z\u0142. W ramach tej op\u0142aty otrzymujemy r\u00f3wnie\u017c zestaw do sprz\u0105tania po pupilu \u2013 szufelk\u0119 i woreczek. W przypadku ps\u00f3w ras uznawanych za agresywne wymagany jest dodatkowo kaganiec. Jest tylko jedno wa\u017cne ograniczenie: z psem nie mo\u017cna wchodzi\u0107 do budynk\u00f3w. Oznacza to, \u017ce mo\u017cemy spacerowa\u0107 z czworonogiem po parku, ale nie zwiedzimy z nim wn\u0119trz poszczeg\u00f3lnych obiekt\u00f3w.<\/p>\n\n\n\n<p class=\"wp-block-paragraph\">Je\u017celi wi\u0119c wybieracie si\u0119 do Arkadii z psem, jest to ca\u0142kiem dobry pomys\u0142 \u2013 szerokie aleje i parkowy charakter miejsca sprzyjaj\u0105 spacerom. Trzeba tylko pami\u0119ta\u0107, \u017ce nie jest to zwyk\u0142y miejski park, ale zabytkowy ogr\u00f3d obj\u0119ty ochron\u0105. Nie wolno wi\u0119c wchodzi\u0107 na rabaty, niszczy\u0107 ro\u015blinno\u015bci ani wspina\u0107 si\u0119 na zabytkowe budowle.<\/p>\n\n\n\n<p class=\"wp-block-paragraph\"><strong>Ile czasu przeznaczy\u0107 na Arkadi\u0119?<\/strong><\/p>\n\n\n\n<p class=\"wp-block-paragraph\">Na samo przej\u015bcie przez park mo\u017cna przeznaczy\u0107 oko\u0142o 1\u20131,5 godziny, ale je\u015bli \u2013 podobnie jak ja \u2013 macie zwyczaj zatrzymywa\u0107 si\u0119 przy ka\u017cdej ruinie, robi\u0107 zdj\u0119cia, czyta\u0107 informacje i zastanawia\u0107 si\u0119, dlaczego kto\u015b w XVIII wieku uzna\u0142, \u017ce najlepszym sposobem na stworzenie romantycznego ogrodu b\u0119dzie postawienie w nim mn\u00f3stwa sztucznych ruin, warto zarezerwowa\u0107 sobie oko\u0142o dw\u00f3ch godzin.<\/p>\n\n\n\n<p class=\"wp-block-paragraph\">A najlepiej po\u0142\u0105czy\u0107 wizyt\u0119 z Nieborowem. Arkadia znajduje si\u0119 oko\u0142o 4,5 km od Nieborowa, wi\u0119c oba miejsca mo\u017cna potraktowa\u0107 jako jedn\u0105 wycieczk\u0119. Przy Arkadii znajduje si\u0119 gminny parking, a \u2013 co szczeg\u00f3lnie mi\u0142e \u2013 parkingi s\u0105 bezp\u0142atne.<\/p>\n\n\n\n<p class=\"wp-block-paragraph\"><strong>Wa\u017cna informacja dotycz\u0105ca \u015awi\u0105tyni Diany<\/strong><\/p>\n\n\n\n<p class=\"wp-block-paragraph\">Je\u017celi jedziecie do Arkadii przede wszystkim po to, \u017ceby zobaczy\u0107 wn\u0119trze \u015awi\u0105tyni Diany, koniecznie sprawd\u017acie aktualn\u0105 sytuacj\u0119 przed wyjazdem. \u015awi\u0105tynia Diany jest obecnie zamkni\u0119ta dla zwiedzaj\u0105cych do odwo\u0142ania. Muzeum podaje jednocze\u015bnie, \u017ce w normalnym trybie w sezonie od 1 maja do 30 wrze\u015bnia obiekt jest dost\u0119pny w godzinach 10:00\u201318:00.<\/p>\n\n\n\n<p class=\"wp-block-paragraph\">To istotne, poniewa\u017c park nadal mo\u017cna zwiedza\u0107, ale dost\u0119pno\u015b\u0107 poszczeg\u00f3lnych budowli i wn\u0119trz mo\u017ce si\u0119 zmienia\u0107.<\/p>\n\n\n\n<p class=\"wp-block-paragraph\"><strong>Czy warto?<\/strong><\/p>\n\n\n\n<p class=\"wp-block-paragraph\">Moim zdaniem zdecydowanie tak. Arkadia jest jednym z tych miejsc, kt\u00f3re najlepiej zwiedza\u0107 bez po\u015bpiechu. Nie przyje\u017cd\u017ca si\u0119 tutaj tylko po to, \u017ceby \u201ezaliczy\u0107\u201d \u015awi\u0105tyni\u0119 Diany, akwedukt czy gotyckie ruiny. Najwi\u0119ksz\u0105 przyjemno\u015b\u0107 daje spacer i odkrywanie kolejnych element\u00f3w kompozycji.<\/p>\n\n\n\n<p class=\"wp-block-paragraph\">A kiedy u\u015bwiadomimy sobie, \u017ce te wszystkie pozornie stare mury, kolumny, mosty i ruiny zosta\u0142y w du\u017cej mierze zaprojektowane w\u0142a\u015bnie po to, aby wygl\u0105da\u0107 na stare, ca\u0142a Arkadia zaczyna przypomina\u0107 ogromn\u0105 XVIII-wieczn\u0105 scenografi\u0119. Tyle \u017ce scenografi\u0119 stworzon\u0105 nie do filmu, ale do \u017cycia. I chyba w\u0142a\u015bnie to jest w niej najbardziej niezwyk\u0142e.<\/p>\n\n\n\n<figure class=\"wp-block-gallery has-nested-images columns-default is-cropped wp-block-gallery-2 is-layout-flex wp-block-gallery-is-layout-flex\">\n<figure class=\"wp-block-image size-large\"><img loading=\"lazy\" decoding=\"async\" width=\"577\" height=\"1024\" data-id=\"3179\" src=\"https:\/\/www.belferwpodrozy.pl\/wp-content\/uploads\/2026\/08\/IMG_20260807_115801-577x1024.jpg?v=1786991585\" alt=\"\" class=\"wp-image-3179\" srcset=\"https:\/\/www.belferwpodrozy.pl\/wp-content\/uploads\/2026\/08\/IMG_20260807_115801-577x1024.jpg?v=1786991585 577w, https:\/\/www.belferwpodrozy.pl\/wp-content\/uploads\/2026\/08\/IMG_20260807_115801-169x300.jpg?v=1786991585 169w, https:\/\/www.belferwpodrozy.pl\/wp-content\/uploads\/2026\/08\/IMG_20260807_115801-768x1364.jpg?v=1786991585 768w, https:\/\/www.belferwpodrozy.pl\/wp-content\/uploads\/2026\/08\/IMG_20260807_115801-865x1536.jpg?v=1786991585 865w, https:\/\/www.belferwpodrozy.pl\/wp-content\/uploads\/2026\/08\/IMG_20260807_115801.jpg?v=1786991585 1153w\" sizes=\"auto, (max-width: 577px) 100vw, 577px\" \/><\/figure>\n\n\n\n<figure class=\"wp-block-image size-large\"><img loading=\"lazy\" decoding=\"async\" width=\"577\" height=\"1024\" data-id=\"3178\" src=\"https:\/\/www.belferwpodrozy.pl\/wp-content\/uploads\/2026\/08\/IMG_20260807_120837-577x1024.jpg?v=1786991580\" alt=\"\" class=\"wp-image-3178\" srcset=\"https:\/\/www.belferwpodrozy.pl\/wp-content\/uploads\/2026\/08\/IMG_20260807_120837-577x1024.jpg?v=1786991580 577w, https:\/\/www.belferwpodrozy.pl\/wp-content\/uploads\/2026\/08\/IMG_20260807_120837-169x300.jpg?v=1786991580 169w, https:\/\/www.belferwpodrozy.pl\/wp-content\/uploads\/2026\/08\/IMG_20260807_120837-768x1364.jpg?v=1786991580 768w, https:\/\/www.belferwpodrozy.pl\/wp-content\/uploads\/2026\/08\/IMG_20260807_120837-865x1536.jpg?v=1786991580 865w, https:\/\/www.belferwpodrozy.pl\/wp-content\/uploads\/2026\/08\/IMG_20260807_120837.jpg?v=1786991580 1153w\" sizes=\"auto, (max-width: 577px) 100vw, 577px\" \/><\/figure>\n\n\n\n<figure class=\"wp-block-image size-large\"><img loading=\"lazy\" decoding=\"async\" width=\"577\" height=\"1024\" data-id=\"3177\" src=\"https:\/\/www.belferwpodrozy.pl\/wp-content\/uploads\/2026\/08\/IMG_20260807_121949-577x1024.jpg?v=1786991577\" alt=\"\" class=\"wp-image-3177\" srcset=\"https:\/\/www.belferwpodrozy.pl\/wp-content\/uploads\/2026\/08\/IMG_20260807_121949-577x1024.jpg?v=1786991577 577w, https:\/\/www.belferwpodrozy.pl\/wp-content\/uploads\/2026\/08\/IMG_20260807_121949-169x300.jpg?v=1786991577 169w, https:\/\/www.belferwpodrozy.pl\/wp-content\/uploads\/2026\/08\/IMG_20260807_121949-768x1363.jpg?v=1786991577 768w, https:\/\/www.belferwpodrozy.pl\/wp-content\/uploads\/2026\/08\/IMG_20260807_121949-866x1536.jpg?v=1786991577 866w, https:\/\/www.belferwpodrozy.pl\/wp-content\/uploads\/2026\/08\/IMG_20260807_121949.jpg?v=1786991577 1154w\" sizes=\"auto, (max-width: 577px) 100vw, 577px\" \/><\/figure>\n\n\n\n<figure class=\"wp-block-image size-large\"><img loading=\"lazy\" decoding=\"async\" width=\"577\" height=\"1024\" data-id=\"3176\" src=\"https:\/\/www.belferwpodrozy.pl\/wp-content\/uploads\/2026\/08\/IMG_20260807_115110-577x1024.jpg?v=1786991574\" alt=\"\" class=\"wp-image-3176\" srcset=\"https:\/\/www.belferwpodrozy.pl\/wp-content\/uploads\/2026\/08\/IMG_20260807_115110-577x1024.jpg?v=1786991574 577w, https:\/\/www.belferwpodrozy.pl\/wp-content\/uploads\/2026\/08\/IMG_20260807_115110-169x300.jpg?v=1786991574 169w, https:\/\/www.belferwpodrozy.pl\/wp-content\/uploads\/2026\/08\/IMG_20260807_115110-768x1364.jpg?v=1786991574 768w, https:\/\/www.belferwpodrozy.pl\/wp-content\/uploads\/2026\/08\/IMG_20260807_115110-865x1536.jpg?v=1786991574 865w, https:\/\/www.belferwpodrozy.pl\/wp-content\/uploads\/2026\/08\/IMG_20260807_115110.jpg?v=1786991574 1153w\" sizes=\"auto, (max-width: 577px) 100vw, 577px\" \/><\/figure>\n\n\n\n<figure class=\"wp-block-image size-large\"><img loading=\"lazy\" decoding=\"async\" width=\"577\" height=\"1024\" data-id=\"3175\" src=\"https:\/\/www.belferwpodrozy.pl\/wp-content\/uploads\/2026\/08\/IMG_20260807_115131-577x1024.jpg?v=1786991568\" alt=\"\" class=\"wp-image-3175\" srcset=\"https:\/\/www.belferwpodrozy.pl\/wp-content\/uploads\/2026\/08\/IMG_20260807_115131-577x1024.jpg?v=1786991568 577w, https:\/\/www.belferwpodrozy.pl\/wp-content\/uploads\/2026\/08\/IMG_20260807_115131-169x300.jpg?v=1786991568 169w, https:\/\/www.belferwpodrozy.pl\/wp-content\/uploads\/2026\/08\/IMG_20260807_115131-768x1364.jpg?v=1786991568 768w, https:\/\/www.belferwpodrozy.pl\/wp-content\/uploads\/2026\/08\/IMG_20260807_115131-865x1536.jpg?v=1786991568 865w, https:\/\/www.belferwpodrozy.pl\/wp-content\/uploads\/2026\/08\/IMG_20260807_115131.jpg?v=1786991568 1153w\" sizes=\"auto, (max-width: 577px) 100vw, 577px\" \/><\/figure>\n\n\n\n<figure class=\"wp-block-image size-large\"><img loading=\"lazy\" decoding=\"async\" width=\"577\" height=\"1024\" data-id=\"3174\" src=\"https:\/\/www.belferwpodrozy.pl\/wp-content\/uploads\/2026\/08\/IMG_20260807_115413-577x1024.jpg?v=1786991565\" alt=\"\" class=\"wp-image-3174\" srcset=\"https:\/\/www.belferwpodrozy.pl\/wp-content\/uploads\/2026\/08\/IMG_20260807_115413-577x1024.jpg?v=1786991565 577w, https:\/\/www.belferwpodrozy.pl\/wp-content\/uploads\/2026\/08\/IMG_20260807_115413-169x300.jpg?v=1786991565 169w, https:\/\/www.belferwpodrozy.pl\/wp-content\/uploads\/2026\/08\/IMG_20260807_115413-768x1364.jpg?v=1786991565 768w, https:\/\/www.belferwpodrozy.pl\/wp-content\/uploads\/2026\/08\/IMG_20260807_115413-865x1536.jpg?v=1786991565 865w, https:\/\/www.belferwpodrozy.pl\/wp-content\/uploads\/2026\/08\/IMG_20260807_115413.jpg?v=1786991565 1153w\" sizes=\"auto, (max-width: 577px) 100vw, 577px\" \/><\/figure>\n\n\n\n<figure class=\"wp-block-image size-large\"><img loading=\"lazy\" decoding=\"async\" width=\"577\" height=\"1024\" data-id=\"3173\" src=\"https:\/\/www.belferwpodrozy.pl\/wp-content\/uploads\/2026\/08\/IMG_20260807_115423-577x1024.jpg?v=1786991559\" alt=\"\" class=\"wp-image-3173\" srcset=\"https:\/\/www.belferwpodrozy.pl\/wp-content\/uploads\/2026\/08\/IMG_20260807_115423-577x1024.jpg?v=1786991559 577w, https:\/\/www.belferwpodrozy.pl\/wp-content\/uploads\/2026\/08\/IMG_20260807_115423-169x300.jpg?v=1786991559 169w, https:\/\/www.belferwpodrozy.pl\/wp-content\/uploads\/2026\/08\/IMG_20260807_115423-768x1364.jpg?v=1786991559 768w, https:\/\/www.belferwpodrozy.pl\/wp-content\/uploads\/2026\/08\/IMG_20260807_115423-865x1536.jpg?v=1786991559 865w, https:\/\/www.belferwpodrozy.pl\/wp-content\/uploads\/2026\/08\/IMG_20260807_115423.jpg?v=1786991559 1153w\" sizes=\"auto, (max-width: 577px) 100vw, 577px\" \/><\/figure>\n\n\n\n<figure class=\"wp-block-image size-large\"><img loading=\"lazy\" decoding=\"async\" width=\"577\" height=\"1024\" data-id=\"3171\" src=\"https:\/\/www.belferwpodrozy.pl\/wp-content\/uploads\/2026\/08\/IMG_20260807_114318-577x1024.jpg?v=1786991551\" alt=\"\" class=\"wp-image-3171\" srcset=\"https:\/\/www.belferwpodrozy.pl\/wp-content\/uploads\/2026\/08\/IMG_20260807_114318-577x1024.jpg?v=1786991551 577w, https:\/\/www.belferwpodrozy.pl\/wp-content\/uploads\/2026\/08\/IMG_20260807_114318-169x300.jpg?v=1786991551 169w, https:\/\/www.belferwpodrozy.pl\/wp-content\/uploads\/2026\/08\/IMG_20260807_114318-768x1364.jpg?v=1786991551 768w, https:\/\/www.belferwpodrozy.pl\/wp-content\/uploads\/2026\/08\/IMG_20260807_114318-865x1536.jpg?v=1786991551 865w, https:\/\/www.belferwpodrozy.pl\/wp-content\/uploads\/2026\/08\/IMG_20260807_114318.jpg?v=1786991551 1153w\" sizes=\"auto, (max-width: 577px) 100vw, 577px\" \/><\/figure>\n\n\n\n<figure class=\"wp-block-image size-large\"><img loading=\"lazy\" decoding=\"async\" width=\"577\" height=\"1024\" data-id=\"3170\" src=\"https:\/\/www.belferwpodrozy.pl\/wp-content\/uploads\/2026\/08\/IMG_20260807_122859-577x1024.jpg?v=1786991546\" alt=\"\" class=\"wp-image-3170\" srcset=\"https:\/\/www.belferwpodrozy.pl\/wp-content\/uploads\/2026\/08\/IMG_20260807_122859-577x1024.jpg?v=1786991546 577w, https:\/\/www.belferwpodrozy.pl\/wp-content\/uploads\/2026\/08\/IMG_20260807_122859-169x300.jpg?v=1786991546 169w, https:\/\/www.belferwpodrozy.pl\/wp-content\/uploads\/2026\/08\/IMG_20260807_122859-768x1364.jpg?v=1786991546 768w, https:\/\/www.belferwpodrozy.pl\/wp-content\/uploads\/2026\/08\/IMG_20260807_122859-865x1536.jpg?v=1786991546 865w, https:\/\/www.belferwpodrozy.pl\/wp-content\/uploads\/2026\/08\/IMG_20260807_122859.jpg?v=1786991546 1153w\" sizes=\"auto, (max-width: 577px) 100vw, 577px\" \/><\/figure>\n<\/figure>\n","protected":false},"excerpt":{"rendered":"<p>S\u0105 miejsca, kt\u00f3re zachwycaj\u0105 pi\u0119knem. S\u0105 te\u017c takie, kt\u00f3re opowiadaj\u0105 histori\u0119. A potem jest Arkadia \u2013 niezwyk\u0142y park niedaleko Nieborowa, gdzie niemal ka\u017cdy kamie\u0144 zosta\u0142 u\u0142o\u017cony po to, by wywo\u0142ywa\u0107 emocje. To nie jest zwyk\u0142y ogr\u00f3d. To XVIII-wieczna opowie\u015b\u0107 o mi\u0142o\u015bci, przemijaniu, marzeniach i t\u0119sknocie za \u015bwiatem, kt\u00f3rego&#8230; nigdy nie by\u0142o. Co najciekawsze, wiele znajduj\u0105cych [&hellip;]<\/p>\n","protected":false},"author":2,"featured_media":3183,"comment_status":"open","ping_status":"open","sticky":false,"template":"","format":"standard","meta":{"footnotes":""},"categories":[14,8,48,1,16],"tags":[],"class_list":["post-3165","post","type-post","status-publish","format-standard","has-post-thumbnail","category-architektura","category-ciekawe-miejsca","category-mazowieckie","category-polska","category-polska-gora","czr-hentry"],"_links":{"self":[{"href":"https:\/\/www.belferwpodrozy.pl\/index.php\/wp-json\/wp\/v2\/posts\/3165","targetHints":{"allow":["GET"]}}],"collection":[{"href":"https:\/\/www.belferwpodrozy.pl\/index.php\/wp-json\/wp\/v2\/posts"}],"about":[{"href":"https:\/\/www.belferwpodrozy.pl\/index.php\/wp-json\/wp\/v2\/types\/post"}],"author":[{"embeddable":true,"href":"https:\/\/www.belferwpodrozy.pl\/index.php\/wp-json\/wp\/v2\/users\/2"}],"replies":[{"embeddable":true,"href":"https:\/\/www.belferwpodrozy.pl\/index.php\/wp-json\/wp\/v2\/comments?post=3165"}],"version-history":[{"count":3,"href":"https:\/\/www.belferwpodrozy.pl\/index.php\/wp-json\/wp\/v2\/posts\/3165\/revisions"}],"predecessor-version":[{"id":3182,"href":"https:\/\/www.belferwpodrozy.pl\/index.php\/wp-json\/wp\/v2\/posts\/3165\/revisions\/3182"}],"wp:featuredmedia":[{"embeddable":true,"href":"https:\/\/www.belferwpodrozy.pl\/index.php\/wp-json\/wp\/v2\/media\/3183"}],"wp:attachment":[{"href":"https:\/\/www.belferwpodrozy.pl\/index.php\/wp-json\/wp\/v2\/media?parent=3165"}],"wp:term":[{"taxonomy":"category","embeddable":true,"href":"https:\/\/www.belferwpodrozy.pl\/index.php\/wp-json\/wp\/v2\/categories?post=3165"},{"taxonomy":"post_tag","embeddable":true,"href":"https:\/\/www.belferwpodrozy.pl\/index.php\/wp-json\/wp\/v2\/tags?post=3165"}],"curies":[{"name":"wp","href":"https:\/\/api.w.org\/{rel}","templated":true}]}}