{"id":68,"date":"2017-05-05T10:31:48","date_gmt":"2017-05-05T08:31:48","guid":{"rendered":"http:\/\/www.belferwpodrozy.pl\/?p=68"},"modified":"2017-05-24T23:45:48","modified_gmt":"2017-05-24T21:45:48","slug":"drugi","status":"publish","type":"post","link":"https:\/\/www.belferwpodrozy.pl\/index.php\/2017\/05\/05\/drugi\/","title":{"rendered":"\u017bYCZENIA DO &#8222;Z\u0141OTEJ RYBKI&#8221;"},"content":{"rendered":"<p style=\"text-align: left;\">Niemal\u017ce w ka\u017cdym\u00a0 pa\u0144stwie znajdziemy miejsce magiczne. Jedne s\u0105 gwarantem zdrowia, inne zapewniaj\u0105 nasz powr\u00f3t do danej miejscowo\u015bci, a jeszcze inne spe\u0142niaj\u0105 nasze marzenia. Wrzucamy wi\u0119c monety, szeptem wypowiadamy \u017cyczenie i z powag\u0105 g\u0142askamy cudowne miejsca. I zawsze w duchu my\u015blimy, \u017ce to si\u0119 spe\u0142ni. \u00a0Tym razem pad\u0142o na cudowne, magiczne miejsca w Turcji.<\/p>\n<p style=\"text-align: left;\">Kiedy Justynian Wielki otwiera\u0142 drzwi do zaprojektowanej przez siebie \u015bwi\u0105tyni M\u0105dro\u015bci Bo\u017cej mia\u0142 wykrzykn\u0105\u0107: \u201eSalomonie, prze\u015bcign\u0105\u0142em Ci\u0119! \u201d Na \u00f3wczesne czasy by\u0142a to najwi\u0119ksza i najnowocze\u015bniejsza \u015bwi\u0105tynia chrze\u015bcija\u0144ska na ca\u0142ym \u015bwiecie. Do jej budowy u\u017cyto najdro\u017cszych materia\u0142\u00f3w, z ciemnoszarego marmuru wykonano posadzki, z zielonego stworzono kolumny a wn\u0119trze kopu\u0142y pokrywa\u0142a z\u0142ota mozaika. I tak przez prawie 1000 lat zachwyca\u0142a swoj\u0105 niepowtarzalno\u015bci\u0105.\u00a0 Jeszcze wi\u0119ksze zmiany w jej wygl\u0105dzie wprowadzono po zdobyciu Konstantynopola przez Mehmeda Zdobywc\u0119\u00a0 w 1453 roku. Zadecydowa\u0142 on o przemianie \u015bwi\u0105tyni chrze\u015bcija\u0144skiej w islamski meczet. Mia\u0142o to symbolizowa\u0107 triumf islamu nad reszt\u0105 chrze\u015bcija\u0144skiego \u015bwiata.\u00a0 Zmiany przebiega\u0142y stopniowo. Pomimo obowi\u0105zuj\u0105cego w islamie zakazu publikowania postaci ludzkich Mehmet rozkaza\u0142 zachowa\u0107 mozaik\u0119 z\u00a0 postaci\u0105 Chrystusa, \u015bwi\u0119tych i cesarzy bizantyjskich. Kaza\u0142 natomiast dostawi\u0107 obok \u015bwi\u0105tyni jeden minaret. Dopiero jego nast\u0119pcy \u2013 Bajazyd II i Selim II dokonali szeregu modyfikacji. Dostawiono minanety , wzmocniono budowl\u0119 podporami, wybudowano lo\u017ce i mauzoleum dla Selima II.<\/p>\n<p style=\"text-align: center;\"><a href=\"http:\/\/www.belferwpodrozy.pl\/wp-content\/uploads\/2017\/05\/Turcja-1128.jpg\" data-rel=\"lightbox-image-0\" data-rl_title=\"\" data-rl_caption=\"\" title=\"\"><img loading=\"lazy\" decoding=\"async\" class=\"alignnone wp-image-93\" src=\"http:\/\/www.belferwpodrozy.pl\/wp-content\/uploads\/2017\/05\/Turcja-1128-300x225.jpg\" alt=\"\" width=\"475\" height=\"356\" srcset=\"https:\/\/www.belferwpodrozy.pl\/wp-content\/uploads\/2017\/05\/Turcja-1128-300x225.jpg 300w, https:\/\/www.belferwpodrozy.pl\/wp-content\/uploads\/2017\/05\/Turcja-1128-768x576.jpg 768w, https:\/\/www.belferwpodrozy.pl\/wp-content\/uploads\/2017\/05\/Turcja-1128-1024x768.jpg 1024w, https:\/\/www.belferwpodrozy.pl\/wp-content\/uploads\/2017\/05\/Turcja-1128.jpg 2048w\" sizes=\"auto, (max-width: 475px) 100vw, 475px\" \/><\/a><\/p>\n<p style=\"text-align: center;\"><em>Lo\u017ca su\u0142ta\u0144ska<\/em><\/p>\n<p style=\"text-align: left;\">\u00a0W kolejnych latach coraz bardziej starano si\u0119 zakry\u0107 mozaiki chrze\u015bcija\u0144skie, k\u0142ad\u0105c na nie warstwy tynku. W praktyce przyczyni\u0142o si\u0119 to ich ukrycia, gdy\u017c wcze\u015bniej pada\u0142y \u0142upem z\u0142odziejaszk\u00f3w, kt\u00f3rzy traktowali je jako talizmany.<\/p>\n<p style=\"text-align: left;\">Najwi\u0119ksz\u0105 transformacj\u0119 Hagia Sophia przesz\u0142a w XIX w. pod czujnym okiem szwajcarskich architekt\u00f3w \u2013 braci Fosatti. Umocnili kopu\u0142\u0119, wzmocnienia, wyprostowali kolumny \u2013 nadszarpni\u0119te przez czas i trz\u0119sienia ziemi, oczy\u015bcili mozaiki a w cz\u0119\u015bci zachodniej domalowali postacie 2 serafin\u00f3w.\u00a0 Ca\u0142o\u015b\u0107 dope\u0142ni\u0142y pot\u0119\u017cne medaliony z inskrypcjami arabskimi, na kt\u00f3rych to widniej\u0105 imiona Allacha,\u00a0 proroka Mahometa i jego wnuk\u00f3w oraz pierwszych kalif\u00f3w.<\/p>\n<p style=\"text-align: left;\"><a href=\"http:\/\/www.belferwpodrozy.pl\/wp-content\/uploads\/2017\/05\/Turcja-1123.jpg\" data-rel=\"lightbox-image-1\" data-rl_title=\"\" data-rl_caption=\"\" title=\"\"><img loading=\"lazy\" decoding=\"async\" class=\"alignright wp-image-94\" src=\"http:\/\/www.belferwpodrozy.pl\/wp-content\/uploads\/2017\/05\/Turcja-1123-300x225.jpg\" alt=\"\" width=\"410\" height=\"307\" srcset=\"https:\/\/www.belferwpodrozy.pl\/wp-content\/uploads\/2017\/05\/Turcja-1123-300x225.jpg 300w, https:\/\/www.belferwpodrozy.pl\/wp-content\/uploads\/2017\/05\/Turcja-1123-768x576.jpg 768w, https:\/\/www.belferwpodrozy.pl\/wp-content\/uploads\/2017\/05\/Turcja-1123-1024x768.jpg 1024w, https:\/\/www.belferwpodrozy.pl\/wp-content\/uploads\/2017\/05\/Turcja-1123.jpg 2048w\" sizes=\"auto, (max-width: 410px) 100vw, 410px\" \/><\/a><\/p>\n<p style=\"text-align: left;\"><a href=\"http:\/\/www.belferwpodrozy.pl\/wp-content\/uploads\/2017\/05\/Turcja-1135.jpg\" data-rel=\"lightbox-image-2\" data-rl_title=\"\" data-rl_caption=\"\" title=\"\"><img loading=\"lazy\" decoding=\"async\" class=\"alignleft wp-image-95 size-medium\" src=\"http:\/\/www.belferwpodrozy.pl\/wp-content\/uploads\/2017\/05\/Turcja-1135-225x300.jpg\" alt=\"\" width=\"225\" height=\"300\" srcset=\"https:\/\/www.belferwpodrozy.pl\/wp-content\/uploads\/2017\/05\/Turcja-1135-225x300.jpg 225w, https:\/\/www.belferwpodrozy.pl\/wp-content\/uploads\/2017\/05\/Turcja-1135-768x1024.jpg 768w, https:\/\/www.belferwpodrozy.pl\/wp-content\/uploads\/2017\/05\/Turcja-1135.jpg 1536w\" sizes=\"auto, (max-width: 225px) 100vw, 225px\" \/><\/a>W tej monumentalnej budowli jedna z po\u015br\u00f3d licznych kolumn zas\u0142uguje na szczeg\u00f3lne wyr\u00f3\u017cnienie. Z racji swojego przeznaczenia jest te\u017c najbardziej znana. Znajduj\u0119 si\u0119 ona po lewej stronie Wr\u00f3t Kr\u00f3lewskich. To kolumna \u015bwi\u0119tego Grzegorza Cudotw\u00f3rcy, zwana te\u017c \u201ep\u0142acz\u0105c\u0105\u201d lub \u201epoc\u0105c\u0105 si\u0119\u201d\u00a0 kolumn\u0105. Znajduje si\u0119 w niej otw\u00f3r\u00a0 ( w miedzianym obiciu) do kt\u00f3rego nale\u017cy w\u0142o\u017cy\u0107 kciuk, pomy\u015ble\u0107 \u017cyczenie a nast\u0119pnie dokona\u0107 obr\u00f3t ca\u0142\u0105 d\u0142oni\u0105 o 360 stopni. Je\u015bli po wyj\u0119ciu r\u0119ki ko\u0144c\u00f3wka kciuka b\u0119dzie mokra, to znak i\u017c nasze \u017cyczenie si\u0119 spe\u0142ni. \u00a0Dodatkowo kolumna ma cudowne w\u0142a\u015bciwo\u015bci lecznicze, pomaga\u00a0 przy chorobach oczu ( z perspektywy czasu\u00a0 wzrok mi si\u0119 jednak pogorszy\u0142 !!)\u00a0 i impotencji !!Ot, jakie to proste\u2026Opu\u015bci\u0142am Hagi\u0119 Sophi\u0119 z poczuciem spe\u0142nienia magicznego obowi\u0105zku i ruszy\u0142am w dalsz\u0105 podr\u00f3\u017c, ku cudownemu miejscu.<\/p>\n<p style=\"text-align: left;\">Nieopodal ruin staro\u017cytnego Efezu, na Wzg\u00f3rzu S\u0142owik\u00f3w ( Corresus) znajduje si\u0119 Meryemana \u2013 Dom Dziewicy Matki. To tutaj ostatnie chwile swojego \u017cycia mia\u0142a sp\u0119dzi\u0107 Matka Boska, kt\u00f3ra po \u015bmierci Jezusa wraz ze \u015bwi\u0119tym Janem przyw\u0119drowa\u0142a w to miejsce.<\/p>\n<p>Domek odkryty zosta\u0142 w 1891 roku, w du\u017cej mierze dzi\u0119ki pewnej niemieckiej zakonnicy (Anna Katarzyna Emmerich), kt\u00f3ra to mia\u0142a wizj\u0119 na temat pobytu Marii w Efezie. Pomimo tego, \u017ce nigdy nie by\u0142a w tym mie\u015bcie potrafi\u0142a ze szczeg\u00f3\u0142ami opisa\u0107 wygl\u0105d domu, jego po\u0142o\u017cenie i materia\u0142 z jakiego go wykonano. Zorganizowano wypraw\u0119 badawcz\u0105 przygotowan\u0105 przez ksi\u0119\u017cy lazaryst\u00f3w z Izmiru.<\/p>\n<p><a href=\"http:\/\/www.belferwpodrozy.pl\/wp-content\/uploads\/2017\/05\/Turcja-198.jpg\" data-rel=\"lightbox-image-3\" data-rl_title=\"\" data-rl_caption=\"\" title=\"\"><img loading=\"lazy\" decoding=\"async\" class=\"aligncenter wp-image-96 size-medium\" src=\"http:\/\/www.belferwpodrozy.pl\/wp-content\/uploads\/2017\/05\/Turcja-198-300x225.jpg\" alt=\"\" width=\"300\" height=\"225\" srcset=\"https:\/\/www.belferwpodrozy.pl\/wp-content\/uploads\/2017\/05\/Turcja-198-300x225.jpg 300w, https:\/\/www.belferwpodrozy.pl\/wp-content\/uploads\/2017\/05\/Turcja-198-768x576.jpg 768w, https:\/\/www.belferwpodrozy.pl\/wp-content\/uploads\/2017\/05\/Turcja-198-1024x768.jpg 1024w, https:\/\/www.belferwpodrozy.pl\/wp-content\/uploads\/2017\/05\/Turcja-198.jpg 2048w\" sizes=\"auto, (max-width: 300px) 100vw, 300px\" \/><\/a><\/p>\n<p>Rzeczywi\u015bcie we skazanym przez zakonnice miejscu okryto ruiny i pozosta\u0142o\u015bci zabudowa\u0144. Nie do ko\u0144ca wiadomo ile lat ma dom, poniewa\u017c materia\u0142y budowlane jak i fundamenty datowane s\u0105 zar\u00f3wno na VI w. jak\u00a0 i na I wiek.<\/p>\n<p>Polscy tury\u015bci maj\u0105 mo\u017cliwo\u015b\u0107 pozna\u0107 histori\u0119 tego miejsca dzi\u0119ki tablicy w j\u0119zyku polskim.<\/p>\n<p>Co prawda miejsce to nie zosta\u0142o oficjalnie uznane przez ko\u015bci\u00f3\u0142 katolicki jako dom Marii. Jednak od momentu kiedy nieoficjalnie odwiedzi\u0142\u00a0 je w 1967 r.\u00a0 papie\u017c Pawe\u0142 VI, nast\u0119pnie Jan Pawe\u0142 II\u00a0 sta\u0142o si\u0119 miejscem pielgrzymek wiernych. Przybywaj\u0105 tu t\u0142umy turyst\u00f3w z ca\u0142ego \u015bwiata i z r\u00f3\u017cnych religii. Ch\u0119tnie miejsce to odwiedzaj\u0105 muzu\u0142manie, dla kt\u00f3rych to Maria jest matk\u0105 jednego z prorok\u00f3w islamu \u2013 Isa Peygambera.<\/p>\n<p>Po co tu przybywaj\u0105? Jedni po modlitw\u0119, inni z ciekawo\u015bci a jeszcze inni po wiar\u0119 \u2026<\/p>\n<p>Nieopodal domu Marii znajduj\u0105 si\u0119 dwa \u201emagiczne\u201d , \u201ecudowne\u201d miejsca. Jedno z nich zawiera trzy uj\u0119cia wody: zdrowia, szcz\u0119\u015bcia i p\u0142odno\u015bci, do kt\u00f3rych ustawione by\u0142y d\u0142ugie kolejki. Jedni pij\u0105 wod\u0119 prosto z uj\u0119cia, inni nabieraj\u0105 przyniesione ze sob\u0105 butelki. Ka\u017cdy wierzy, w mniejszym lub wi\u0119kszym stopniu, \u017ce skosztowanie tej wody przyniesie oczekiwane efekty. Tu\u017c obok znajduje si\u0119 mur obwieszony skrawkami papieru, materia\u0142u na kt\u00f3rych to wypisane s\u0105 pro\u015bby skierowane do Matki Boskiej. Przytwierdzaj\u0105c je do \u015bciany przybysze maja nadzieje na spe\u0142nienie ich pro\u015bby.<\/p>\n<p><a href=\"http:\/\/www.belferwpodrozy.pl\/wp-content\/uploads\/2017\/05\/Turcja-202.jpg\" data-rel=\"lightbox-image-4\" data-rl_title=\"\" data-rl_caption=\"\" title=\"\"><img loading=\"lazy\" decoding=\"async\" class=\"alignnone wp-image-98 size-medium\" src=\"http:\/\/www.belferwpodrozy.pl\/wp-content\/uploads\/2017\/05\/Turcja-202-225x300.jpg\" alt=\"\" width=\"225\" height=\"300\" srcset=\"https:\/\/www.belferwpodrozy.pl\/wp-content\/uploads\/2017\/05\/Turcja-202-225x300.jpg 225w, https:\/\/www.belferwpodrozy.pl\/wp-content\/uploads\/2017\/05\/Turcja-202-768x1024.jpg 768w, https:\/\/www.belferwpodrozy.pl\/wp-content\/uploads\/2017\/05\/Turcja-202.jpg 1536w\" sizes=\"auto, (max-width: 225px) 100vw, 225px\" \/><\/a>\u00a0 \u00a0 \u00a0 \u00a0 \u00a0 \u00a0 \u00a0 \u00a0 \u00a0 \u00a0 \u00a0<a href=\"http:\/\/www.belferwpodrozy.pl\/wp-content\/uploads\/2017\/05\/Turcja-207.jpg\" data-rel=\"lightbox-image-5\" data-rl_title=\"\" data-rl_caption=\"\" title=\"\"><img loading=\"lazy\" decoding=\"async\" class=\"alignnone wp-image-97 size-medium\" src=\"http:\/\/www.belferwpodrozy.pl\/wp-content\/uploads\/2017\/05\/Turcja-207-225x300.jpg\" alt=\"\" width=\"225\" height=\"300\" srcset=\"https:\/\/www.belferwpodrozy.pl\/wp-content\/uploads\/2017\/05\/Turcja-207-225x300.jpg 225w, https:\/\/www.belferwpodrozy.pl\/wp-content\/uploads\/2017\/05\/Turcja-207-768x1024.jpg 768w, https:\/\/www.belferwpodrozy.pl\/wp-content\/uploads\/2017\/05\/Turcja-207.jpg 1536w\" sizes=\"auto, (max-width: 225px) 100vw, 225px\" \/><\/a>\u00a0 \u00a0 \u00a0 \u00a0 \u00a0 \u00a0 \u00a0 \u00a0 \u00a0 \u00a0 \u00a0<a href=\"http:\/\/www.belferwpodrozy.pl\/wp-content\/uploads\/2017\/05\/Turcja-197.jpg\" data-rel=\"lightbox-image-6\" data-rl_title=\"\" data-rl_caption=\"\" title=\"\"><img loading=\"lazy\" decoding=\"async\" class=\"alignnone wp-image-99 size-medium\" src=\"http:\/\/www.belferwpodrozy.pl\/wp-content\/uploads\/2017\/05\/Turcja-197-225x300.jpg\" alt=\"\" width=\"225\" height=\"300\" srcset=\"https:\/\/www.belferwpodrozy.pl\/wp-content\/uploads\/2017\/05\/Turcja-197-225x300.jpg 225w, https:\/\/www.belferwpodrozy.pl\/wp-content\/uploads\/2017\/05\/Turcja-197-768x1024.jpg 768w, https:\/\/www.belferwpodrozy.pl\/wp-content\/uploads\/2017\/05\/Turcja-197.jpg 1536w\" sizes=\"auto, (max-width: 225px) 100vw, 225px\" \/><\/a><\/p>\n<p>&nbsp;<\/p>\n<p>Przebywaj\u0105c w Meryemana napi\u0142am si\u0119 wody, wypisa\u0142am i przypi\u0119\u0142am karteczk\u0119 z \u017cyczeniem, pro\u015bb\u0105. Czy si\u0119 spe\u0142ni\u0142o?? Tak, co prawda 4 lata p\u00f3\u017aniej &#8211; ale si\u0119 spe\u0142ni\u0142o. Mo\u017ce to kwestia wiary??<\/p>\n","protected":false},"excerpt":{"rendered":"<p>Niemal\u017ce w ka\u017cdym\u00a0 pa\u0144stwie znajdziemy miejsce magiczne. Jedne s\u0105 gwarantem zdrowia, inne zapewniaj\u0105 nasz powr\u00f3t do danej miejscowo\u015bci, a jeszcze inne spe\u0142niaj\u0105 nasze marzenia. Wrzucamy wi\u0119c monety, szeptem wypowiadamy \u017cyczenie i z powag\u0105 g\u0142askamy cudowne miejsca. I zawsze w duchu my\u015blimy, \u017ce to si\u0119 spe\u0142ni. \u00a0Tym razem pad\u0142o na cudowne, magiczne miejsca w Turcji. Kiedy [&hellip;]<\/p>\n","protected":false},"author":2,"featured_media":94,"comment_status":"open","ping_status":"open","sticky":false,"template":"","format":"standard","meta":{"footnotes":""},"categories":[8,4,6],"tags":[],"class_list":["post-68","post","type-post","status-publish","format-standard","has-post-thumbnail","category-ciekawe-miejsca","category-swiat","category-turcja","czr-hentry"],"_links":{"self":[{"href":"https:\/\/www.belferwpodrozy.pl\/index.php\/wp-json\/wp\/v2\/posts\/68","targetHints":{"allow":["GET"]}}],"collection":[{"href":"https:\/\/www.belferwpodrozy.pl\/index.php\/wp-json\/wp\/v2\/posts"}],"about":[{"href":"https:\/\/www.belferwpodrozy.pl\/index.php\/wp-json\/wp\/v2\/types\/post"}],"author":[{"embeddable":true,"href":"https:\/\/www.belferwpodrozy.pl\/index.php\/wp-json\/wp\/v2\/users\/2"}],"replies":[{"embeddable":true,"href":"https:\/\/www.belferwpodrozy.pl\/index.php\/wp-json\/wp\/v2\/comments?post=68"}],"version-history":[{"count":9,"href":"https:\/\/www.belferwpodrozy.pl\/index.php\/wp-json\/wp\/v2\/posts\/68\/revisions"}],"predecessor-version":[{"id":158,"href":"https:\/\/www.belferwpodrozy.pl\/index.php\/wp-json\/wp\/v2\/posts\/68\/revisions\/158"}],"wp:featuredmedia":[{"embeddable":true,"href":"https:\/\/www.belferwpodrozy.pl\/index.php\/wp-json\/wp\/v2\/media\/94"}],"wp:attachment":[{"href":"https:\/\/www.belferwpodrozy.pl\/index.php\/wp-json\/wp\/v2\/media?parent=68"}],"wp:term":[{"taxonomy":"category","embeddable":true,"href":"https:\/\/www.belferwpodrozy.pl\/index.php\/wp-json\/wp\/v2\/categories?post=68"},{"taxonomy":"post_tag","embeddable":true,"href":"https:\/\/www.belferwpodrozy.pl\/index.php\/wp-json\/wp\/v2\/tags?post=68"}],"curies":[{"name":"wp","href":"https:\/\/api.w.org\/{rel}","templated":true}]}}